{"id":2384,"date":"2015-02-22T15:37:49","date_gmt":"2015-02-22T15:37:49","guid":{"rendered":"http:\/\/www.todoenbelleza.es\/?p=2384"},"modified":"2023-02-05T17:43:31","modified_gmt":"2023-02-05T17:43:31","slug":"velashape-iii-di-adios-la-celulitis-flacidez-llevate-regalo","status":"publish","type":"post","link":"https:\/\/www.todoenbelleza.es\/en\/velashape-iii-di-adios-la-celulitis-flacidez-llevate-regalo\/","title":{"rendered":"Vela Shape III: Di adi\u00f3s a la celulitis, flacidez y ll\u00e9vate un Regalo"},"content":{"rendered":"<p>Prep\u00e1rate para el verano<\/p>\n<p>Ya luce el sol, hoy en Madrid ha hecho un d\u00eda casi primaveral.<\/p>\n<p>Que no se te olvide: &#8220;a quien madruga Dios le ayuda&#8221; por lo que ya debes empezar a prepararte para lucir minifaldas y el \u201ctemido\u201d bikini en las playas y piscinas este verano.<\/p>\n<p>At <strong>Todo en Belleza<\/strong>, te ofrecemos, durante el mes de marzo, una promoci\u00f3n muy especial.<\/p>\n<p>Si contratas el tratamiento de <strong>Vela Shape III <\/strong>para una zona, te Obsequiaremos con 1 tratamiento de exfoliaci\u00f3n corporal con sales marinas.<\/p>\n<p>El <strong>Vela Shape III<\/strong>, es una maravillosa tecnolog\u00eda que a\u00fana 4 energ\u00edas en un \u00fanico aparato, Radiofrecuencia de alta potencia, Luz infrarroja, Vacum y energ\u00eda Elos.<\/p>\n<p>Como <strong>ventajas<\/strong> de <strong>Vela Shape III<\/strong> destaco:<\/p>\n<ol>\n<li>Reduce el volumen en abdomen, cartucheras, rodillas, muslos, brazos y papada hasta 8 cm de contorno, casi 2 tallas.<\/li>\n<li>Mejora la circulaci\u00f3n sangu\u00ednea y activa el sistema linf\u00e1tico.<\/li>\n<li>Reduce la celulitis.<\/li>\n<li>Combate la flacidez, por lo que el abdomen se ve m\u00e1s recogido y los muslos se mejora el aspecto de &#8220;Abullonado&#8221;.<\/li>\n<li>Eleva gl\u00fateos.<\/li>\n<\/ol>\n<p>No lo dudes, llama y reserva tu cita para la sesi\u00f3n de <strong>Vela Shape III <\/strong>y ll\u00e9vate tu <strong>regalo.<\/strong><\/p>\n<p>Cuca<br \/>\nExperta Universitaria en cosm\u00e9tica y dermofarmacia.<\/p>","protected":false},"excerpt":{"rendered":"<p>Prep\u00e1rate para el verano Ya luce el sol, hoy en Madrid ha hecho un d\u00eda casi primaveral. Que no se te olvide: &#8220;a quien madruga Dios le ayuda&#8221; por lo que ya debes empezar a prepararte para lucir minifaldas y el \u201ctemido\u201d bikini en las playas y piscinas este verano. En Todo en Belleza, te [&hellip;]<\/p>","protected":false},"author":3,"featured_media":2385,"comment_status":"open","ping_status":"closed","sticky":false,"template":"","format":"standard","meta":{"_et_pb_use_builder":"","_et_pb_old_content":"","_et_gb_content_width":"","_joinchat":[]},"categories":[285,138],"tags":[265,634,348,343,258,349,323,204,325],"yoast_head":"<!-- This site is optimized with the Yoast SEO plugin v20.10 - https:\/\/yoast.com\/wordpress\/plugins\/seo\/ -->\n<title>Vela Shape III: Di adi\u00f3s a la celulitis, flacidez y ll\u00e9vate un Regalo<\/title>\n<meta name=\"robots\" content=\"index, follow, max-snippet:-1, max-image-preview:large, max-video-preview:-1\" \/>\n<link rel=\"canonical\" href=\"https:\/\/www.todoenbelleza.es\/en\/velashape-iii-di-adios-la-celulitis-flacidez-llevate-regalo\/\" \/>\n<meta property=\"og:locale\" content=\"en_GB\" \/>\n<meta property=\"og:type\" content=\"article\" \/>\n<meta property=\"og:title\" content=\"Vela Shape III: Di adi\u00f3s a la celulitis, flacidez y ll\u00e9vate un Regalo\" \/>\n<meta property=\"og:description\" content=\"Prep\u00e1rate para el verano Ya luce el sol, hoy en Madrid ha hecho un d\u00eda casi primaveral. Que no se te olvide: &#8220;a quien madruga Dios le ayuda&#8221; por lo que ya debes empezar a prepararte para lucir minifaldas y el \u201ctemido\u201d bikini en las playas y piscinas este verano. En Todo en Belleza, te [&hellip;]\" \/>\n<meta property=\"og:url\" content=\"https:\/\/www.todoenbelleza.es\/en\/velashape-iii-di-adios-la-celulitis-flacidez-llevate-regalo\/\" \/>\n<meta property=\"og:site_name\" content=\"Todo en Belleza con Cuca Miquel\" \/>\n<meta property=\"article:publisher\" content=\"https:\/\/www.facebook.com\/www.todoenbelleza.es\/\" \/>\n<meta property=\"article:published_time\" content=\"2015-02-22T15:37:49+00:00\" \/>\n<meta property=\"article:modified_time\" content=\"2023-02-05T17:43:31+00:00\" \/>\n<meta property=\"og:image\" content=\"https:\/\/www.todoenbelleza.es\/wp-content\/uploads\/2015\/02\/Dollarphotoclub_74161872-e1429530790488.jpg\" \/>\n\t<meta property=\"og:image:width\" content=\"1000\" \/>\n\t<meta property=\"og:image:height\" content=\"847\" \/>\n\t<meta property=\"og:image:type\" content=\"image\/jpeg\" \/>\n<meta name=\"author\" content=\"Cuca Miquel\" \/>\n<meta name=\"twitter:card\" content=\"summary_large_image\" \/>\n<meta name=\"twitter:creator\" content=\"@todoenbelleza1\" \/>\n<meta name=\"twitter:site\" content=\"@todoenbelleza1\" \/>\n<meta name=\"twitter:label1\" content=\"Written by\" \/>\n\t<meta name=\"twitter:data1\" content=\"Cuca Miquel\" \/>\n\t<meta name=\"twitter:label2\" content=\"Estimated reading time\" \/>\n\t<meta name=\"twitter:data2\" content=\"1 minute\" \/>\n<!-- \/ Yoast SEO plugin. -->","yoast_head_json":{"title":"Vela Shape III: Di adi\u00f3s a la celulitis, flacidez y ll\u00e9vate un Regalo","robots":{"index":"index","follow":"follow","max-snippet":"max-snippet:-1","max-image-preview":"max-image-preview:large","max-video-preview":"max-video-preview:-1"},"canonical":"https:\/\/www.todoenbelleza.es\/en\/velashape-iii-di-adios-la-celulitis-flacidez-llevate-regalo\/","og_locale":"en_GB","og_type":"article","og_title":"Vela Shape III: Di adi\u00f3s a la celulitis, flacidez y ll\u00e9vate un Regalo","og_description":"Prep\u00e1rate para el verano Ya luce el sol, hoy en Madrid ha hecho un d\u00eda casi primaveral. Que no se te olvide: &#8220;a quien madruga Dios le ayuda&#8221; por lo que ya debes empezar a prepararte para lucir minifaldas y el \u201ctemido\u201d bikini en las playas y piscinas este verano. En Todo en Belleza, te [&hellip;]","og_url":"https:\/\/www.todoenbelleza.es\/en\/velashape-iii-di-adios-la-celulitis-flacidez-llevate-regalo\/","og_site_name":"Todo en Belleza con Cuca Miquel","article_publisher":"https:\/\/www.facebook.com\/www.todoenbelleza.es\/","article_published_time":"2015-02-22T15:37:49+00:00","article_modified_time":"2023-02-05T17:43:31+00:00","og_image":[{"width":1000,"height":847,"url":"https:\/\/www.todoenbelleza.es\/wp-content\/uploads\/2015\/02\/Dollarphotoclub_74161872-e1429530790488.jpg","type":"image\/jpeg"}],"author":"Cuca Miquel","twitter_card":"summary_large_image","twitter_creator":"@todoenbelleza1","twitter_site":"@todoenbelleza1","twitter_misc":{"Written by":"Cuca Miquel","Estimated reading time":"1 minute"},"schema":{"@context":"https:\/\/schema.org","@graph":[{"@type":"Article","@id":"https:\/\/www.todoenbelleza.es\/velashape-iii-di-adios-la-celulitis-flacidez-llevate-regalo\/#article","isPartOf":{"@id":"https:\/\/www.todoenbelleza.es\/velashape-iii-di-adios-la-celulitis-flacidez-llevate-regalo\/"},"author":{"name":"Cuca Miquel","@id":"https:\/\/www.todoenbelleza.es\/#\/schema\/person\/fae9b2b97a472cb884ad9155d65b8465"},"headline":"Vela Shape III: Di adi\u00f3s a la celulitis, flacidez y ll\u00e9vate un Regalo","datePublished":"2015-02-22T15:37:49+00:00","dateModified":"2023-02-05T17:43:31+00:00","mainEntityOfPage":{"@id":"https:\/\/www.todoenbelleza.es\/velashape-iii-di-adios-la-celulitis-flacidez-llevate-regalo\/"},"wordCount":227,"commentCount":2,"publisher":{"@id":"https:\/\/www.todoenbelleza.es\/#organization"},"keywords":["#celulitis","#centroMedicoEsteticoMadrid","#elevarGluteos","#opinionesVelashapeIII","#radiofrecuencia","#reducirVolumen","#tratamientosCelulitis","#tratamitentosEsteticos","#velashapeIII"],"articleSection":["Est\u00e9tica Corporal","Prensa y colaboraciones"],"inLanguage":"en-GB","potentialAction":[{"@type":"CommentAction","name":"Comment","target":["https:\/\/www.todoenbelleza.es\/velashape-iii-di-adios-la-celulitis-flacidez-llevate-regalo\/#respond"]}]},{"@type":"WebPage","@id":"https:\/\/www.todoenbelleza.es\/velashape-iii-di-adios-la-celulitis-flacidez-llevate-regalo\/","url":"https:\/\/www.todoenbelleza.es\/velashape-iii-di-adios-la-celulitis-flacidez-llevate-regalo\/","name":"Vela Shape III: Di adi\u00f3s a la celulitis, flacidez y ll\u00e9vate un Regalo","isPartOf":{"@id":"https:\/\/www.todoenbelleza.es\/#website"},"datePublished":"2015-02-22T15:37:49+00:00","dateModified":"2023-02-05T17:43:31+00:00","breadcrumb":{"@id":"https:\/\/www.todoenbelleza.es\/velashape-iii-di-adios-la-celulitis-flacidez-llevate-regalo\/#breadcrumb"},"inLanguage":"en-GB","potentialAction":[{"@type":"ReadAction","target":["https:\/\/www.todoenbelleza.es\/velashape-iii-di-adios-la-celulitis-flacidez-llevate-regalo\/"]}]},{"@type":"BreadcrumbList","@id":"https:\/\/www.todoenbelleza.es\/velashape-iii-di-adios-la-celulitis-flacidez-llevate-regalo\/#breadcrumb","itemListElement":[{"@type":"ListItem","position":1,"name":"Portada","item":"https:\/\/www.todoenbelleza.es\/"},{"@type":"ListItem","position":2,"name":"Vela Shape III: Di adi\u00f3s a la celulitis, flacidez y ll\u00e9vate un Regalo"}]},{"@type":"WebSite","@id":"https:\/\/www.todoenbelleza.es\/#website","url":"https:\/\/www.todoenbelleza.es\/","name":"Todo en Belleza con Cuca Miquel","description":"Centro de belleza y medicina est\u00e9tica en Madrid","publisher":{"@id":"https:\/\/www.todoenbelleza.es\/#organization"},"potentialAction":[{"@type":"SearchAction","target":{"@type":"EntryPoint","urlTemplate":"https:\/\/www.todoenbelleza.es\/?s={search_term_string}"},"query-input":"required name=search_term_string"}],"inLanguage":"en-GB"},{"@type":"Organization","@id":"https:\/\/www.todoenbelleza.es\/#organization","name":"Todo en Belleza con Cuca Miquel","url":"https:\/\/www.todoenbelleza.es\/","logo":{"@type":"ImageObject","inLanguage":"en-GB","@id":"https:\/\/www.todoenbelleza.es\/#\/schema\/logo\/image\/","url":"https:\/\/www.todoenbelleza.es\/wp-content\/uploads\/2023\/02\/logocabecera.png","contentUrl":"https:\/\/www.todoenbelleza.es\/wp-content\/uploads\/2023\/02\/logocabecera.png","width":311,"height":60,"caption":"Todo en Belleza con Cuca Miquel"},"image":{"@id":"https:\/\/www.todoenbelleza.es\/#\/schema\/logo\/image\/"},"sameAs":["https:\/\/www.facebook.com\/www.todoenbelleza.es\/","https:\/\/twitter.com\/todoenbelleza1","https:\/\/www.instagram.com\/todo.en.belleza_cucamiquel\/"]},{"@type":"Person","@id":"https:\/\/www.todoenbelleza.es\/#\/schema\/person\/fae9b2b97a472cb884ad9155d65b8465","name":"Cuca Miquel","image":{"@type":"ImageObject","inLanguage":"en-GB","@id":"https:\/\/www.todoenbelleza.es\/#\/schema\/person\/image\/","url":"https:\/\/www.todoenbelleza.es\/wp-content\/uploads\/2023\/02\/cuca_cremas_2.jpg","contentUrl":"https:\/\/www.todoenbelleza.es\/wp-content\/uploads\/2023\/02\/cuca_cremas_2.jpg","caption":"Cuca Miquel"},"description":"Master en Formulaci\u00f3n Cosm\u00e9tica, Experta Universitaria en Cosm\u00e9tica y Dermofarmacia, Experta Universitaria en Microbiota de la Piel, Master en Imagen Personal, Master ADE, Licenciada en Derecho. Especialista en acn\u00e9, ros\u00e1cea y envejecimiento."}]}},"_links":{"self":[{"href":"https:\/\/www.todoenbelleza.es\/en\/wp-json\/wp\/v2\/posts\/2384"}],"collection":[{"href":"https:\/\/www.todoenbelleza.es\/en\/wp-json\/wp\/v2\/posts"}],"about":[{"href":"https:\/\/www.todoenbelleza.es\/en\/wp-json\/wp\/v2\/types\/post"}],"author":[{"embeddable":true,"href":"https:\/\/www.todoenbelleza.es\/en\/wp-json\/wp\/v2\/users\/3"}],"replies":[{"embeddable":true,"href":"https:\/\/www.todoenbelleza.es\/en\/wp-json\/wp\/v2\/comments?post=2384"}],"version-history":[{"count":0,"href":"https:\/\/www.todoenbelleza.es\/en\/wp-json\/wp\/v2\/posts\/2384\/revisions"}],"wp:featuredmedia":[{"embeddable":true,"href":"https:\/\/www.todoenbelleza.es\/en\/wp-json\/wp\/v2\/media\/2385"}],"wp:attachment":[{"href":"https:\/\/www.todoenbelleza.es\/en\/wp-json\/wp\/v2\/media?parent=2384"}],"wp:term":[{"taxonomy":"category","embeddable":true,"href":"https:\/\/www.todoenbelleza.es\/en\/wp-json\/wp\/v2\/categories?post=2384"},{"taxonomy":"post_tag","embeddable":true,"href":"https:\/\/www.todoenbelleza.es\/en\/wp-json\/wp\/v2\/tags?post=2384"}],"curies":[{"name":"wp","href":"https:\/\/api.w.org\/{rel}","templated":true}]}}