{"id":2346,"date":"2015-01-05T14:46:34","date_gmt":"2015-01-05T14:46:34","guid":{"rendered":"http:\/\/www.todoenbelleza.es\/?p=2346"},"modified":"2015-01-05T14:46:34","modified_gmt":"2015-01-05T14:46:34","slug":"noche-de-reyes","status":"publish","type":"post","link":"https:\/\/www.todoenbelleza.es\/en\/noche-de-reyes\/","title":{"rendered":"Noche de Reyes"},"content":{"rendered":"<p><a href=\"http:\/\/www.todoenbelleza.es\/en\/2015\/01\/noche-de-reyes\/img-20150105-wa0000\/\" rel=\"attachment wp-att-2351\"><img decoding=\"async\" loading=\"lazy\" class=\"aligncenter size-medium wp-image-2351\" src=\"http:\/\/www.todoenbelleza.es\/wp-content\/uploads\/2015\/01\/IMG-20150105-WA0000-350x350.jpg\" alt=\"IMG-20150105-WA0000\" width=\"350\" height=\"350\" \/><\/a><\/p>\n<p>&nbsp;<\/p>\n<p>&nbsp;<\/p>\n<p>Hoy, d\u00eda 5 de Enero,ser\u00e1 una noche m\u00e1gica.<\/p>\n<p>La magia de la llegada a casa de los Reyes Mayos de Oriente, da igual que cada d\u00eda tenga mas aceptaci\u00f3n pap\u00e1 Noel por las influencias Americanas que cada d\u00eda se siente con mas fuerza, se sigue sintiendo en Espa\u00f1a con la misma fuerza de siempre. Es sin duda \u00a0el d\u00eda mas m\u00e1gico del a\u00f1o.<\/p>\n<p>J\u00f3venes y mayores nos acostaremos esta noche con la sensaci\u00f3n de felicidad que subyace en la idea de recibir un regalo y como no, de hacerlos.<\/p>\n<p>Si encima tienes la suerte de tener ni\u00f1os en casa, eso si, es felicidad.<\/p>\n<p>Desde <strong>Todo en Belleza con Dra Silvestre<\/strong>\u00a0, os deseamos feliz noche de Reyes y recordaros que si <strong>regalas belleza<\/strong>, tendr\u00e1s un regalo sorpresa para ti.<\/p>\n<p>&nbsp;<\/p>\n<p>Cuca<\/p>\n<p>&nbsp;<\/p>\n<p>&nbsp;<\/p>\n<p>&nbsp;<\/p>\n<p>&nbsp;<\/p>","protected":false},"excerpt":{"rendered":"<p>&nbsp; &nbsp; Hoy, d\u00eda 5 de Enero,ser\u00e1 una noche m\u00e1gica. La magia de la llegada a casa de los Reyes Mayos de Oriente, da igual que cada d\u00eda tenga mas aceptaci\u00f3n pap\u00e1 Noel por las influencias Americanas que cada d\u00eda se siente con mas fuerza, se sigue sintiendo en Espa\u00f1a con la misma fuerza de [&hellip;]<\/p>","protected":false},"author":3,"featured_media":2351,"comment_status":"open","ping_status":"closed","sticky":false,"template":"","format":"standard","meta":{"_et_pb_use_builder":"","_et_pb_old_content":"","_et_gb_content_width":"","_joinchat":[]},"categories":[138],"tags":[],"yoast_head":"<!-- This site is optimized with the Yoast SEO plugin v20.10 - https:\/\/yoast.com\/wordpress\/plugins\/seo\/ -->\n<title>Noche de Reyes<\/title>\n<meta name=\"robots\" content=\"index, follow, max-snippet:-1, max-image-preview:large, max-video-preview:-1\" \/>\n<link rel=\"canonical\" href=\"https:\/\/www.todoenbelleza.es\/en\/noche-de-reyes\/\" \/>\n<meta property=\"og:locale\" content=\"en_GB\" \/>\n<meta property=\"og:type\" content=\"article\" \/>\n<meta property=\"og:title\" content=\"Noche de Reyes\" \/>\n<meta property=\"og:description\" content=\"&nbsp; &nbsp; Hoy, d\u00eda 5 de Enero,ser\u00e1 una noche m\u00e1gica. La magia de la llegada a casa de los Reyes Mayos de Oriente, da igual que cada d\u00eda tenga mas aceptaci\u00f3n pap\u00e1 Noel por las influencias Americanas que cada d\u00eda se siente con mas fuerza, se sigue sintiendo en Espa\u00f1a con la misma fuerza de [&hellip;]\" \/>\n<meta property=\"og:url\" content=\"https:\/\/www.todoenbelleza.es\/en\/noche-de-reyes\/\" \/>\n<meta property=\"og:site_name\" content=\"Todo en Belleza con Cuca Miquel\" \/>\n<meta property=\"article:publisher\" content=\"https:\/\/www.facebook.com\/www.todoenbelleza.es\/\" \/>\n<meta property=\"article:published_time\" content=\"2015-01-05T14:46:34+00:00\" \/>\n<meta property=\"og:image\" content=\"https:\/\/www.todoenbelleza.es\/wp-content\/uploads\/2015\/01\/IMG-20150105-WA0000.jpg\" \/>\n\t<meta property=\"og:image:width\" content=\"720\" \/>\n\t<meta property=\"og:image:height\" content=\"720\" \/>\n\t<meta property=\"og:image:type\" content=\"image\/jpeg\" \/>\n<meta name=\"author\" content=\"Cuca Miquel\" \/>\n<meta name=\"twitter:card\" content=\"summary_large_image\" \/>\n<meta name=\"twitter:creator\" content=\"@todoenbelleza1\" \/>\n<meta name=\"twitter:site\" content=\"@todoenbelleza1\" \/>\n<meta name=\"twitter:label1\" content=\"Written by\" \/>\n\t<meta name=\"twitter:data1\" content=\"Cuca Miquel\" \/>\n\t<meta name=\"twitter:label2\" content=\"Estimated reading time\" \/>\n\t<meta name=\"twitter:data2\" content=\"1 minute\" \/>\n<!-- \/ Yoast SEO plugin. -->","yoast_head_json":{"title":"Noche de Reyes","robots":{"index":"index","follow":"follow","max-snippet":"max-snippet:-1","max-image-preview":"max-image-preview:large","max-video-preview":"max-video-preview:-1"},"canonical":"https:\/\/www.todoenbelleza.es\/en\/noche-de-reyes\/","og_locale":"en_GB","og_type":"article","og_title":"Noche de Reyes","og_description":"&nbsp; &nbsp; Hoy, d\u00eda 5 de Enero,ser\u00e1 una noche m\u00e1gica. La magia de la llegada a casa de los Reyes Mayos de Oriente, da igual que cada d\u00eda tenga mas aceptaci\u00f3n pap\u00e1 Noel por las influencias Americanas que cada d\u00eda se siente con mas fuerza, se sigue sintiendo en Espa\u00f1a con la misma fuerza de [&hellip;]","og_url":"https:\/\/www.todoenbelleza.es\/en\/noche-de-reyes\/","og_site_name":"Todo en Belleza con Cuca Miquel","article_publisher":"https:\/\/www.facebook.com\/www.todoenbelleza.es\/","article_published_time":"2015-01-05T14:46:34+00:00","og_image":[{"width":720,"height":720,"url":"https:\/\/www.todoenbelleza.es\/wp-content\/uploads\/2015\/01\/IMG-20150105-WA0000.jpg","type":"image\/jpeg"}],"author":"Cuca Miquel","twitter_card":"summary_large_image","twitter_creator":"@todoenbelleza1","twitter_site":"@todoenbelleza1","twitter_misc":{"Written by":"Cuca Miquel","Estimated reading time":"1 minute"},"schema":{"@context":"https:\/\/schema.org","@graph":[{"@type":"Article","@id":"https:\/\/www.todoenbelleza.es\/noche-de-reyes\/#article","isPartOf":{"@id":"https:\/\/www.todoenbelleza.es\/noche-de-reyes\/"},"author":{"name":"Cuca Miquel","@id":"https:\/\/www.todoenbelleza.es\/#\/schema\/person\/fae9b2b97a472cb884ad9155d65b8465"},"headline":"Noche de Reyes","datePublished":"2015-01-05T14:46:34+00:00","dateModified":"2015-01-05T14:46:34+00:00","mainEntityOfPage":{"@id":"https:\/\/www.todoenbelleza.es\/noche-de-reyes\/"},"wordCount":152,"commentCount":0,"publisher":{"@id":"https:\/\/www.todoenbelleza.es\/#organization"},"articleSection":["Prensa y colaboraciones"],"inLanguage":"en-GB","potentialAction":[{"@type":"CommentAction","name":"Comment","target":["https:\/\/www.todoenbelleza.es\/noche-de-reyes\/#respond"]}]},{"@type":"WebPage","@id":"https:\/\/www.todoenbelleza.es\/noche-de-reyes\/","url":"https:\/\/www.todoenbelleza.es\/noche-de-reyes\/","name":"Noche de Reyes","isPartOf":{"@id":"https:\/\/www.todoenbelleza.es\/#website"},"datePublished":"2015-01-05T14:46:34+00:00","dateModified":"2015-01-05T14:46:34+00:00","breadcrumb":{"@id":"https:\/\/www.todoenbelleza.es\/noche-de-reyes\/#breadcrumb"},"inLanguage":"en-GB","potentialAction":[{"@type":"ReadAction","target":["https:\/\/www.todoenbelleza.es\/noche-de-reyes\/"]}]},{"@type":"BreadcrumbList","@id":"https:\/\/www.todoenbelleza.es\/noche-de-reyes\/#breadcrumb","itemListElement":[{"@type":"ListItem","position":1,"name":"Portada","item":"https:\/\/www.todoenbelleza.es\/"},{"@type":"ListItem","position":2,"name":"Noche de Reyes"}]},{"@type":"WebSite","@id":"https:\/\/www.todoenbelleza.es\/#website","url":"https:\/\/www.todoenbelleza.es\/","name":"Todo en Belleza con Cuca Miquel","description":"Centro de belleza y medicina est\u00e9tica en Madrid","publisher":{"@id":"https:\/\/www.todoenbelleza.es\/#organization"},"potentialAction":[{"@type":"SearchAction","target":{"@type":"EntryPoint","urlTemplate":"https:\/\/www.todoenbelleza.es\/?s={search_term_string}"},"query-input":"required name=search_term_string"}],"inLanguage":"en-GB"},{"@type":"Organization","@id":"https:\/\/www.todoenbelleza.es\/#organization","name":"Todo en Belleza con Cuca Miquel","url":"https:\/\/www.todoenbelleza.es\/","logo":{"@type":"ImageObject","inLanguage":"en-GB","@id":"https:\/\/www.todoenbelleza.es\/#\/schema\/logo\/image\/","url":"https:\/\/www.todoenbelleza.es\/wp-content\/uploads\/2023\/02\/logocabecera.png","contentUrl":"https:\/\/www.todoenbelleza.es\/wp-content\/uploads\/2023\/02\/logocabecera.png","width":311,"height":60,"caption":"Todo en Belleza con Cuca Miquel"},"image":{"@id":"https:\/\/www.todoenbelleza.es\/#\/schema\/logo\/image\/"},"sameAs":["https:\/\/www.facebook.com\/www.todoenbelleza.es\/","https:\/\/twitter.com\/todoenbelleza1","https:\/\/www.instagram.com\/todo.en.belleza_cucamiquel\/"]},{"@type":"Person","@id":"https:\/\/www.todoenbelleza.es\/#\/schema\/person\/fae9b2b97a472cb884ad9155d65b8465","name":"Cuca Miquel","image":{"@type":"ImageObject","inLanguage":"en-GB","@id":"https:\/\/www.todoenbelleza.es\/#\/schema\/person\/image\/","url":"https:\/\/www.todoenbelleza.es\/wp-content\/uploads\/2023\/02\/cuca_cremas_2.jpg","contentUrl":"https:\/\/www.todoenbelleza.es\/wp-content\/uploads\/2023\/02\/cuca_cremas_2.jpg","caption":"Cuca Miquel"},"description":"Master en Formulaci\u00f3n Cosm\u00e9tica, Experta Universitaria en Cosm\u00e9tica y Dermofarmacia, Experta Universitaria en Microbiota de la Piel, Master en Imagen Personal, Master ADE, Licenciada en Derecho. Especialista en acn\u00e9, ros\u00e1cea y envejecimiento."}]}},"_links":{"self":[{"href":"https:\/\/www.todoenbelleza.es\/en\/wp-json\/wp\/v2\/posts\/2346"}],"collection":[{"href":"https:\/\/www.todoenbelleza.es\/en\/wp-json\/wp\/v2\/posts"}],"about":[{"href":"https:\/\/www.todoenbelleza.es\/en\/wp-json\/wp\/v2\/types\/post"}],"author":[{"embeddable":true,"href":"https:\/\/www.todoenbelleza.es\/en\/wp-json\/wp\/v2\/users\/3"}],"replies":[{"embeddable":true,"href":"https:\/\/www.todoenbelleza.es\/en\/wp-json\/wp\/v2\/comments?post=2346"}],"version-history":[{"count":0,"href":"https:\/\/www.todoenbelleza.es\/en\/wp-json\/wp\/v2\/posts\/2346\/revisions"}],"wp:featuredmedia":[{"embeddable":true,"href":"https:\/\/www.todoenbelleza.es\/en\/wp-json\/wp\/v2\/media\/2351"}],"wp:attachment":[{"href":"https:\/\/www.todoenbelleza.es\/en\/wp-json\/wp\/v2\/media?parent=2346"}],"wp:term":[{"taxonomy":"category","embeddable":true,"href":"https:\/\/www.todoenbelleza.es\/en\/wp-json\/wp\/v2\/categories?post=2346"},{"taxonomy":"post_tag","embeddable":true,"href":"https:\/\/www.todoenbelleza.es\/en\/wp-json\/wp\/v2\/tags?post=2346"}],"curies":[{"name":"wp","href":"https:\/\/api.w.org\/{rel}","templated":true}]}}