{"id":2141,"date":"2014-08-17T17:07:12","date_gmt":"2014-08-17T17:07:12","guid":{"rendered":"http:\/\/www.todoenbelleza.es\/?p=2141"},"modified":"2023-02-05T18:07:15","modified_gmt":"2023-02-05T18:07:15","slug":"acaba-los-granos-acne","status":"publish","type":"post","link":"https:\/\/www.todoenbelleza.es\/en\/acaba-los-granos-acne\/","title":{"rendered":"Acaba con los granos y el acn\u00e9"},"content":{"rendered":"<p style=\"text-align: justify;\">El verano parece que nos mejora la piel del rostro, que el sol y el agua del mar secan los granos que tanto afean y que tanto nos acomplejan.<\/p>\n<p style=\"text-align: justify;\">Pero ten cuidado, si no usas los productos adecuados, el sol, el viento y algunos protectores solares pueden causar estragos en la piel.<\/p>\n<p style=\"text-align: justify;\">La piel del rostro cuenta con un complejo sistema defensivo cuando el sol, el viento nos agrede, nosotros pensamos que esta bien, que los rayos de sol bronceen nuestra piel, pero la piel no piensa lo mismo y por eso se defiende, se defiende engros\u00e1ndose, los corneocitos proliferan, se adhesionan en la superficie de la epidermis y as\u00ed nos protege de los efectos da\u00f1inos de los rayos ultravioletas.<\/p>\n<p style=\"text-align: justify;\">Por eso, despu\u00e9s del verano, nos vemos mas bronceadas pero con la piel algo mas apagada, mas gruesa, con menos luz y con posiblemente mas granos, esos granos que al principio de verano parec\u00eda que se secaban despu\u00e9s de exponernos al sol y al agua de mar y que debido al engrosamiento de la epidermis la grasa de nuestra piel no ha podido ser liberada y se ha formado los temibles micro quistes, esos granitos son dif\u00edciles de eliminar si no buscas asesoramiento en un centro de belleza.<\/p>\n<h2 style=\"text-align: justify;\">Busca asesoramiento para acabar con los granos en tu centro de belleza<\/h2>\n<p style=\"text-align: justify;\">Todo eso es f\u00e1cilmente recuperable con los productos adecuados, nosotros, en Todo en Belleza, recomendamos el uso de peelings de vitamina C.<\/p>\n<p style=\"text-align: justify;\">Combinado con un protector solar que no sea mineral y he de decir, que hay pocos en el mercado, ver\u00e1s que el contenido graso de la piel se ver\u00e1 incrementado aunque te lo hayan vendido como producto oil free.<\/p>\n<p style=\"text-align: justify;\">Y si no usas el protector solar por miedo al exceso de grasa, cuidado con las rojeces post-inflamatorias de los granos, que se pueden convertir en aut\u00e9nticas manchas solares que perdurar\u00e1n y que ser\u00e1n muy dif\u00edciles de eliminar. Si es tu caso te recomiendo el L\u00e1ser Fraxel Dual Sistema para su eliminaci\u00f3n.<\/p>","protected":false},"excerpt":{"rendered":"<p>El verano parece que nos mejora la piel del rostro, que el sol y el agua del mar secan los granos que tanto afean y que tanto nos acomplejan. Pero ten cuidado, si no usas los productos adecuados, el sol, el viento y algunos protectores solares pueden causar estragos en la piel. La piel del [&hellip;]<\/p>","protected":false},"author":3,"featured_media":2144,"comment_status":"open","ping_status":"closed","sticky":false,"template":"","format":"standard","meta":{"_et_pb_use_builder":"","_et_pb_old_content":"","_et_gb_content_width":"","_joinchat":[]},"categories":[145,138],"tags":[628,629,175,176,642],"yoast_head":"<!-- This site is optimized with the Yoast SEO plugin v20.10 - https:\/\/yoast.com\/wordpress\/plugins\/seo\/ -->\n<title>Acaba con los granos y el acn\u00e9<\/title>\n<meta name=\"description\" content=\"El verano parece que nos mejora la piel del rostro, que el sol y el agua del mar secan los granos que tanto afean y que tanto nos acomplejan.\" \/>\n<meta name=\"robots\" content=\"index, follow, max-snippet:-1, max-image-preview:large, max-video-preview:-1\" \/>\n<link rel=\"canonical\" href=\"https:\/\/www.todoenbelleza.es\/en\/acaba-los-granos-acne\/\" \/>\n<meta property=\"og:locale\" content=\"en_GB\" \/>\n<meta property=\"og:type\" content=\"article\" \/>\n<meta property=\"og:title\" content=\"Acaba con los granos y el acn\u00e9\" \/>\n<meta property=\"og:description\" content=\"El verano parece que nos mejora la piel del rostro, que el sol y el agua del mar secan los granos que tanto afean y que tanto nos acomplejan.\" \/>\n<meta property=\"og:url\" content=\"https:\/\/www.todoenbelleza.es\/en\/acaba-los-granos-acne\/\" \/>\n<meta property=\"og:site_name\" content=\"Todo en Belleza con Cuca Miquel\" \/>\n<meta property=\"article:publisher\" content=\"https:\/\/www.facebook.com\/www.todoenbelleza.es\/\" \/>\n<meta property=\"article:published_time\" content=\"2014-08-17T17:07:12+00:00\" \/>\n<meta property=\"article:modified_time\" content=\"2023-02-05T18:07:15+00:00\" \/>\n<meta property=\"og:image\" content=\"https:\/\/www.todoenbelleza.es\/wp-content\/uploads\/2014\/08\/DSC04053-scaled.jpg\" \/>\n\t<meta property=\"og:image:width\" content=\"2048\" \/>\n\t<meta property=\"og:image:height\" content=\"1536\" \/>\n\t<meta property=\"og:image:type\" content=\"image\/jpeg\" \/>\n<meta name=\"author\" content=\"Cuca Miquel\" \/>\n<meta name=\"twitter:card\" content=\"summary_large_image\" \/>\n<meta name=\"twitter:creator\" content=\"@todoenbelleza1\" \/>\n<meta name=\"twitter:site\" content=\"@todoenbelleza1\" \/>\n<meta name=\"twitter:label1\" content=\"Written by\" \/>\n\t<meta name=\"twitter:data1\" content=\"Cuca Miquel\" \/>\n\t<meta name=\"twitter:label2\" content=\"Estimated reading time\" \/>\n\t<meta name=\"twitter:data2\" content=\"2 minutes\" \/>\n<!-- \/ Yoast SEO plugin. -->","yoast_head_json":{"title":"Acaba con los granos y el acn\u00e9","description":"El verano parece que nos mejora la piel del rostro, que el sol y el agua del mar secan los granos que tanto afean y que tanto nos acomplejan.","robots":{"index":"index","follow":"follow","max-snippet":"max-snippet:-1","max-image-preview":"max-image-preview:large","max-video-preview":"max-video-preview:-1"},"canonical":"https:\/\/www.todoenbelleza.es\/en\/acaba-los-granos-acne\/","og_locale":"en_GB","og_type":"article","og_title":"Acaba con los granos y el acn\u00e9","og_description":"El verano parece que nos mejora la piel del rostro, que el sol y el agua del mar secan los granos que tanto afean y que tanto nos acomplejan.","og_url":"https:\/\/www.todoenbelleza.es\/en\/acaba-los-granos-acne\/","og_site_name":"Todo en Belleza con Cuca Miquel","article_publisher":"https:\/\/www.facebook.com\/www.todoenbelleza.es\/","article_published_time":"2014-08-17T17:07:12+00:00","article_modified_time":"2023-02-05T18:07:15+00:00","og_image":[{"width":2048,"height":1536,"url":"https:\/\/www.todoenbelleza.es\/wp-content\/uploads\/2014\/08\/DSC04053-scaled.jpg","type":"image\/jpeg"}],"author":"Cuca Miquel","twitter_card":"summary_large_image","twitter_creator":"@todoenbelleza1","twitter_site":"@todoenbelleza1","twitter_misc":{"Written by":"Cuca Miquel","Estimated reading time":"2 minutes"},"schema":{"@context":"https:\/\/schema.org","@graph":[{"@type":"Article","@id":"https:\/\/www.todoenbelleza.es\/acaba-los-granos-acne\/#article","isPartOf":{"@id":"https:\/\/www.todoenbelleza.es\/acaba-los-granos-acne\/"},"author":{"name":"Cuca Miquel","@id":"https:\/\/www.todoenbelleza.es\/#\/schema\/person\/fae9b2b97a472cb884ad9155d65b8465"},"headline":"Acaba con los granos y el acn\u00e9","datePublished":"2014-08-17T17:07:12+00:00","dateModified":"2023-02-05T18:07:15+00:00","mainEntityOfPage":{"@id":"https:\/\/www.todoenbelleza.es\/acaba-los-granos-acne\/"},"wordCount":354,"commentCount":0,"publisher":{"@id":"https:\/\/www.todoenbelleza.es\/#organization"},"keywords":["#acne","#acneAdulto","#eliminarAcne","#isolaz","#isolazMadrid"],"articleSection":["Acn\u00e9","Prensa y colaboraciones"],"inLanguage":"en-GB","potentialAction":[{"@type":"CommentAction","name":"Comment","target":["https:\/\/www.todoenbelleza.es\/acaba-los-granos-acne\/#respond"]}]},{"@type":"WebPage","@id":"https:\/\/www.todoenbelleza.es\/acaba-los-granos-acne\/","url":"https:\/\/www.todoenbelleza.es\/acaba-los-granos-acne\/","name":"Acaba con los granos y el acn\u00e9","isPartOf":{"@id":"https:\/\/www.todoenbelleza.es\/#website"},"datePublished":"2014-08-17T17:07:12+00:00","dateModified":"2023-02-05T18:07:15+00:00","description":"El verano parece que nos mejora la piel del rostro, que el sol y el agua del mar secan los granos que tanto afean y que tanto nos acomplejan.","breadcrumb":{"@id":"https:\/\/www.todoenbelleza.es\/acaba-los-granos-acne\/#breadcrumb"},"inLanguage":"en-GB","potentialAction":[{"@type":"ReadAction","target":["https:\/\/www.todoenbelleza.es\/acaba-los-granos-acne\/"]}]},{"@type":"BreadcrumbList","@id":"https:\/\/www.todoenbelleza.es\/acaba-los-granos-acne\/#breadcrumb","itemListElement":[{"@type":"ListItem","position":1,"name":"Portada","item":"https:\/\/www.todoenbelleza.es\/"},{"@type":"ListItem","position":2,"name":"Acaba con los granos y el acn\u00e9"}]},{"@type":"WebSite","@id":"https:\/\/www.todoenbelleza.es\/#website","url":"https:\/\/www.todoenbelleza.es\/","name":"Todo en Belleza con Cuca Miquel","description":"Centro de belleza y medicina est\u00e9tica en Madrid","publisher":{"@id":"https:\/\/www.todoenbelleza.es\/#organization"},"potentialAction":[{"@type":"SearchAction","target":{"@type":"EntryPoint","urlTemplate":"https:\/\/www.todoenbelleza.es\/?s={search_term_string}"},"query-input":"required name=search_term_string"}],"inLanguage":"en-GB"},{"@type":"Organization","@id":"https:\/\/www.todoenbelleza.es\/#organization","name":"Todo en Belleza con Cuca Miquel","url":"https:\/\/www.todoenbelleza.es\/","logo":{"@type":"ImageObject","inLanguage":"en-GB","@id":"https:\/\/www.todoenbelleza.es\/#\/schema\/logo\/image\/","url":"https:\/\/www.todoenbelleza.es\/wp-content\/uploads\/2023\/02\/logocabecera.png","contentUrl":"https:\/\/www.todoenbelleza.es\/wp-content\/uploads\/2023\/02\/logocabecera.png","width":311,"height":60,"caption":"Todo en Belleza con Cuca Miquel"},"image":{"@id":"https:\/\/www.todoenbelleza.es\/#\/schema\/logo\/image\/"},"sameAs":["https:\/\/www.facebook.com\/www.todoenbelleza.es\/","https:\/\/twitter.com\/todoenbelleza1","https:\/\/www.instagram.com\/todo.en.belleza_cucamiquel\/"]},{"@type":"Person","@id":"https:\/\/www.todoenbelleza.es\/#\/schema\/person\/fae9b2b97a472cb884ad9155d65b8465","name":"Cuca Miquel","image":{"@type":"ImageObject","inLanguage":"en-GB","@id":"https:\/\/www.todoenbelleza.es\/#\/schema\/person\/image\/","url":"https:\/\/www.todoenbelleza.es\/wp-content\/uploads\/2023\/02\/cuca_cremas_2.jpg","contentUrl":"https:\/\/www.todoenbelleza.es\/wp-content\/uploads\/2023\/02\/cuca_cremas_2.jpg","caption":"Cuca Miquel"},"description":"Master en Formulaci\u00f3n Cosm\u00e9tica, Experta Universitaria en Cosm\u00e9tica y Dermofarmacia, Experta Universitaria en Microbiota de la Piel, Master en Imagen Personal, Master ADE, Licenciada en Derecho. Especialista en acn\u00e9, ros\u00e1cea y envejecimiento."}]}},"_links":{"self":[{"href":"https:\/\/www.todoenbelleza.es\/en\/wp-json\/wp\/v2\/posts\/2141"}],"collection":[{"href":"https:\/\/www.todoenbelleza.es\/en\/wp-json\/wp\/v2\/posts"}],"about":[{"href":"https:\/\/www.todoenbelleza.es\/en\/wp-json\/wp\/v2\/types\/post"}],"author":[{"embeddable":true,"href":"https:\/\/www.todoenbelleza.es\/en\/wp-json\/wp\/v2\/users\/3"}],"replies":[{"embeddable":true,"href":"https:\/\/www.todoenbelleza.es\/en\/wp-json\/wp\/v2\/comments?post=2141"}],"version-history":[{"count":0,"href":"https:\/\/www.todoenbelleza.es\/en\/wp-json\/wp\/v2\/posts\/2141\/revisions"}],"wp:featuredmedia":[{"embeddable":true,"href":"https:\/\/www.todoenbelleza.es\/en\/wp-json\/wp\/v2\/media\/2144"}],"wp:attachment":[{"href":"https:\/\/www.todoenbelleza.es\/en\/wp-json\/wp\/v2\/media?parent=2141"}],"wp:term":[{"taxonomy":"category","embeddable":true,"href":"https:\/\/www.todoenbelleza.es\/en\/wp-json\/wp\/v2\/categories?post=2141"},{"taxonomy":"post_tag","embeddable":true,"href":"https:\/\/www.todoenbelleza.es\/en\/wp-json\/wp\/v2\/tags?post=2141"}],"curies":[{"name":"wp","href":"https:\/\/api.w.org\/{rel}","templated":true}]}}