{"id":2106,"date":"2014-06-22T19:44:48","date_gmt":"2014-06-22T19:44:48","guid":{"rendered":"http:\/\/www.todoenbelleza.es\/?p=2106"},"modified":"2023-02-05T17:30:52","modified_gmt":"2023-02-05T17:30:52","slug":"porque-somos-todo-en-belleza","status":"publish","type":"post","link":"https:\/\/www.todoenbelleza.es\/en\/porque-somos-todo-en-belleza\/","title":{"rendered":"Porque somos &#8220;Todo en belleza &#8220;"},"content":{"rendered":"<p>Somos &#8220;Todo en Belleza&#8221; porque no dejamos nada al azar ni a la improvisaci\u00f3n.<\/p>\n<p>Todo en \u00a0nuestro Centro est\u00e1 pensado y \u00a0programado para una ejecuci\u00f3n \u00a0perfecta en aras de la belleza.<\/p>\n<p>Contamos \u00a0con un equipo de profesionales de la est\u00e9tica altamente cualificadas, en constante formaci\u00f3n de reciclaje, con las t\u00e9cnicas m\u00e1s actuales de la cosm\u00e9tica, con un trato inigualable en donde, las pacientes que acuden a realizarse tratamientos de est\u00e9tica salen encantadas no solo de los resultados obtenidos sino del trato cordial en un ambiente relajado.<\/p>\n<p>En el Centro se realizan tratamientos desde las simples depilaciones con cera, las limpiezas faciales, las manicuras, pedicuras hasta tratamientos espectaculares con la cosm\u00e9tica m\u00e1s avanzada.<\/p>\n<p>En cuanto a los tratamientos tecnol\u00f3gicos est\u00e9ticos contamos desde los m\u00e1s sencillos como las mesoterapias \u00a0virtuales, las micro dermoabrasiones de puntas diamantadas, <em>vacuoterapia<\/em>, las corrientes galv\u00e1nicas, l\u00e1ser de depilaci\u00f3n Alejandrita, hasta t\u00e9cnicas tan sofisticadas como el maravilloso \u00a0Vella Shape lll, (el m\u00e9todo m\u00e1s actual para el moldeado corporal, incluido brazos y doble papada ) o \u00a0el espectacular <em>Clear + Brilliant<\/em> primer l\u00e1ser para gente joven, el <em>Isolaz<\/em> para tratar el acn\u00e9, o el <em>IPL<\/em>, y el <em>Contrage<\/em> para combatir la flacidez facial en 5 sesiones.<\/p>\n<p>El <em>Thermage<\/em> pare rejuvenecer de forma natural cara o cuerpo con unos resultados que se mantienen en el tiempo, o el <em>Liposonix<\/em> que elimina la grasa localizada en una sola sesi\u00f3n y de forma definitiva, o el <em>L\u00e1ser Fraxel Dual System<\/em> para eliminar desde estr\u00edas a cicatrices de acn\u00e9 o al terrible melisma que cubre la cara de las mujeres j\u00f3venes o las manchas marrones o blancas en cara o cuerpo.<\/p>\n<p>Por todo ello, por la cantidad de equipos de alta tecnolog\u00eda como por el equipo humano altamente cualificado, tenemos que decir que \u00a0somos Todo en Belleza.<\/p>\n<p>Todo en belleza<\/p>","protected":false},"excerpt":{"rendered":"<p>Somos &#8220;Todo en Belleza&#8221; porque no dejamos nada al azar ni a la improvisaci\u00f3n. Todo en \u00a0nuestro Centro est\u00e1 pensado y \u00a0programado para una ejecuci\u00f3n \u00a0perfecta en aras de la belleza. Contamos \u00a0con un equipo de profesionales de la est\u00e9tica altamente cualificadas, en constante formaci\u00f3n de reciclaje, con las t\u00e9cnicas m\u00e1s actuales de la cosm\u00e9tica, [&hellip;]<\/p>","protected":false},"author":4,"featured_media":2111,"comment_status":"open","ping_status":"closed","sticky":false,"template":"","format":"standard","meta":{"_et_pb_use_builder":"","_et_pb_old_content":"","_et_gb_content_width":"","_joinchat":[]},"categories":[138],"tags":[628,642,496,489,638],"yoast_head":"<!-- This site is optimized with the Yoast SEO plugin v20.10 - https:\/\/yoast.com\/wordpress\/plugins\/seo\/ -->\n<title>Porque somos &quot;Todo en belleza &quot;<\/title>\n<meta name=\"robots\" content=\"index, follow, max-snippet:-1, max-image-preview:large, max-video-preview:-1\" \/>\n<link rel=\"canonical\" href=\"https:\/\/www.todoenbelleza.es\/en\/porque-somos-todo-en-belleza\/\" \/>\n<meta property=\"og:locale\" content=\"en_GB\" \/>\n<meta property=\"og:type\" content=\"article\" \/>\n<meta property=\"og:title\" content=\"Porque somos &quot;Todo en belleza &quot;\" \/>\n<meta property=\"og:description\" content=\"Somos &#8220;Todo en Belleza&#8221; porque no dejamos nada al azar ni a la improvisaci\u00f3n. Todo en \u00a0nuestro Centro est\u00e1 pensado y \u00a0programado para una ejecuci\u00f3n \u00a0perfecta en aras de la belleza. Contamos \u00a0con un equipo de profesionales de la est\u00e9tica altamente cualificadas, en constante formaci\u00f3n de reciclaje, con las t\u00e9cnicas m\u00e1s actuales de la cosm\u00e9tica, [&hellip;]\" \/>\n<meta property=\"og:url\" content=\"https:\/\/www.todoenbelleza.es\/en\/porque-somos-todo-en-belleza\/\" \/>\n<meta property=\"og:site_name\" content=\"Todo en Belleza con Cuca Miquel\" \/>\n<meta property=\"article:publisher\" content=\"https:\/\/www.facebook.com\/www.todoenbelleza.es\/\" \/>\n<meta property=\"article:published_time\" content=\"2014-06-22T19:44:48+00:00\" \/>\n<meta property=\"article:modified_time\" content=\"2023-02-05T17:30:52+00:00\" \/>\n<meta property=\"og:image\" content=\"https:\/\/www.todoenbelleza.es\/wp-content\/uploads\/2014\/06\/DSC_9035-e1403466141990-scaled.jpg\" \/>\n\t<meta property=\"og:image:width\" content=\"1360\" \/>\n\t<meta property=\"og:image:height\" content=\"2048\" \/>\n\t<meta property=\"og:image:type\" content=\"image\/jpeg\" \/>\n<meta name=\"author\" content=\"Dra. Mercedes Silvestre\" \/>\n<meta name=\"twitter:card\" content=\"summary_large_image\" \/>\n<meta name=\"twitter:creator\" content=\"@todoenbelleza1\" \/>\n<meta name=\"twitter:site\" content=\"@todoenbelleza1\" \/>\n<meta name=\"twitter:label1\" content=\"Written by\" \/>\n\t<meta name=\"twitter:data1\" content=\"Dra. Mercedes Silvestre\" \/>\n\t<meta name=\"twitter:label2\" content=\"Estimated reading time\" \/>\n\t<meta name=\"twitter:data2\" content=\"2 minutes\" \/>\n<!-- \/ Yoast SEO plugin. -->","yoast_head_json":{"title":"Porque somos \"Todo en belleza \"","robots":{"index":"index","follow":"follow","max-snippet":"max-snippet:-1","max-image-preview":"max-image-preview:large","max-video-preview":"max-video-preview:-1"},"canonical":"https:\/\/www.todoenbelleza.es\/en\/porque-somos-todo-en-belleza\/","og_locale":"en_GB","og_type":"article","og_title":"Porque somos \"Todo en belleza \"","og_description":"Somos &#8220;Todo en Belleza&#8221; porque no dejamos nada al azar ni a la improvisaci\u00f3n. Todo en \u00a0nuestro Centro est\u00e1 pensado y \u00a0programado para una ejecuci\u00f3n \u00a0perfecta en aras de la belleza. Contamos \u00a0con un equipo de profesionales de la est\u00e9tica altamente cualificadas, en constante formaci\u00f3n de reciclaje, con las t\u00e9cnicas m\u00e1s actuales de la cosm\u00e9tica, [&hellip;]","og_url":"https:\/\/www.todoenbelleza.es\/en\/porque-somos-todo-en-belleza\/","og_site_name":"Todo en Belleza con Cuca Miquel","article_publisher":"https:\/\/www.facebook.com\/www.todoenbelleza.es\/","article_published_time":"2014-06-22T19:44:48+00:00","article_modified_time":"2023-02-05T17:30:52+00:00","og_image":[{"width":1360,"height":2048,"url":"https:\/\/www.todoenbelleza.es\/wp-content\/uploads\/2014\/06\/DSC_9035-e1403466141990-scaled.jpg","type":"image\/jpeg"}],"author":"Dra. Mercedes Silvestre","twitter_card":"summary_large_image","twitter_creator":"@todoenbelleza1","twitter_site":"@todoenbelleza1","twitter_misc":{"Written by":"Dra. Mercedes Silvestre","Estimated reading time":"2 minutes"},"schema":{"@context":"https:\/\/schema.org","@graph":[{"@type":"Article","@id":"https:\/\/www.todoenbelleza.es\/porque-somos-todo-en-belleza\/#article","isPartOf":{"@id":"https:\/\/www.todoenbelleza.es\/porque-somos-todo-en-belleza\/"},"author":{"name":"Dra. Mercedes Silvestre","@id":"https:\/\/www.todoenbelleza.es\/#\/schema\/person\/45041fd22c1a353220017efdbf4f85ae"},"headline":"Porque somos &#8220;Todo en belleza &#8220;","datePublished":"2014-06-22T19:44:48+00:00","dateModified":"2023-02-05T17:30:52+00:00","mainEntityOfPage":{"@id":"https:\/\/www.todoenbelleza.es\/porque-somos-todo-en-belleza\/"},"wordCount":324,"commentCount":0,"publisher":{"@id":"https:\/\/www.todoenbelleza.es\/#organization"},"keywords":["#acne","#isolazMadrid","#limpiezasDeCutis","#limpiezasDeCutisEnMadrid","#limpiezasFacialesEnMadrid"],"articleSection":["Prensa y colaboraciones"],"inLanguage":"en-GB","potentialAction":[{"@type":"CommentAction","name":"Comment","target":["https:\/\/www.todoenbelleza.es\/porque-somos-todo-en-belleza\/#respond"]}]},{"@type":"WebPage","@id":"https:\/\/www.todoenbelleza.es\/porque-somos-todo-en-belleza\/","url":"https:\/\/www.todoenbelleza.es\/porque-somos-todo-en-belleza\/","name":"Porque somos \"Todo en belleza \"","isPartOf":{"@id":"https:\/\/www.todoenbelleza.es\/#website"},"datePublished":"2014-06-22T19:44:48+00:00","dateModified":"2023-02-05T17:30:52+00:00","breadcrumb":{"@id":"https:\/\/www.todoenbelleza.es\/porque-somos-todo-en-belleza\/#breadcrumb"},"inLanguage":"en-GB","potentialAction":[{"@type":"ReadAction","target":["https:\/\/www.todoenbelleza.es\/porque-somos-todo-en-belleza\/"]}]},{"@type":"BreadcrumbList","@id":"https:\/\/www.todoenbelleza.es\/porque-somos-todo-en-belleza\/#breadcrumb","itemListElement":[{"@type":"ListItem","position":1,"name":"Portada","item":"https:\/\/www.todoenbelleza.es\/"},{"@type":"ListItem","position":2,"name":"Porque somos &#8220;Todo en belleza &#8220;"}]},{"@type":"WebSite","@id":"https:\/\/www.todoenbelleza.es\/#website","url":"https:\/\/www.todoenbelleza.es\/","name":"Todo en Belleza con Cuca Miquel","description":"Centro de belleza y medicina est\u00e9tica en Madrid","publisher":{"@id":"https:\/\/www.todoenbelleza.es\/#organization"},"potentialAction":[{"@type":"SearchAction","target":{"@type":"EntryPoint","urlTemplate":"https:\/\/www.todoenbelleza.es\/?s={search_term_string}"},"query-input":"required name=search_term_string"}],"inLanguage":"en-GB"},{"@type":"Organization","@id":"https:\/\/www.todoenbelleza.es\/#organization","name":"Todo en Belleza con Cuca Miquel","url":"https:\/\/www.todoenbelleza.es\/","logo":{"@type":"ImageObject","inLanguage":"en-GB","@id":"https:\/\/www.todoenbelleza.es\/#\/schema\/logo\/image\/","url":"https:\/\/www.todoenbelleza.es\/wp-content\/uploads\/2023\/02\/logocabecera.png","contentUrl":"https:\/\/www.todoenbelleza.es\/wp-content\/uploads\/2023\/02\/logocabecera.png","width":311,"height":60,"caption":"Todo en Belleza con Cuca Miquel"},"image":{"@id":"https:\/\/www.todoenbelleza.es\/#\/schema\/logo\/image\/"},"sameAs":["https:\/\/www.facebook.com\/www.todoenbelleza.es\/","https:\/\/twitter.com\/todoenbelleza1","https:\/\/www.instagram.com\/todo.en.belleza_cucamiquel\/"]},{"@type":"Person","@id":"https:\/\/www.todoenbelleza.es\/#\/schema\/person\/45041fd22c1a353220017efdbf4f85ae","name":"Dra. Mercedes Silvestre","image":{"@type":"ImageObject","inLanguage":"en-GB","@id":"https:\/\/www.todoenbelleza.es\/#\/schema\/person\/image\/","url":"https:\/\/www.todoenbelleza.es\/wp-content\/uploads\/2018\/02\/doctora-silvestre.jpg","contentUrl":"https:\/\/www.todoenbelleza.es\/wp-content\/uploads\/2018\/02\/doctora-silvestre.jpg","caption":"Dra. Mercedes Silvestre"},"description":"M\u00e1ster en Medicina Est\u00e9tica por la Escuela Espa\u00f1ola de Medicina Est\u00e9tica y Diplomatura en Cirug\u00eda Est\u00e9tica por la Sociedad Espa\u00f1ola de Cirug\u00eda Est\u00e9tica. En el a\u00f1o 1990 comienzo a trabajar la medicina est\u00e9tica con una consulta personal privada en Alcal\u00e1 de Henares (Madrid) y, mientras tanto, realizo y asisto a numerosos cursos y formaci\u00f3n en medicina est\u00e9tica. En el a\u00f1o 2006 me especializo en tratamientos de aparatolog\u00eda norteamericana: desde los l\u00e1seres m\u00e1s sencillos a los m\u00e1s sofisticados, pasando por radiofrecuencia de \u00faltima generaci\u00f3n y la ultracavitaci\u00f3n focalizada. Desde ese momento, mis consultas y tratamientos derivan a tratamientos de alta tecnolog\u00eda, los m\u00e1s punteros del sector, actuales y eficaces. Eso s\u00ed, sin descartar tratamientos cl\u00e1sicos de la medicina est\u00e9tica."}]}},"_links":{"self":[{"href":"https:\/\/www.todoenbelleza.es\/en\/wp-json\/wp\/v2\/posts\/2106"}],"collection":[{"href":"https:\/\/www.todoenbelleza.es\/en\/wp-json\/wp\/v2\/posts"}],"about":[{"href":"https:\/\/www.todoenbelleza.es\/en\/wp-json\/wp\/v2\/types\/post"}],"author":[{"embeddable":true,"href":"https:\/\/www.todoenbelleza.es\/en\/wp-json\/wp\/v2\/users\/4"}],"replies":[{"embeddable":true,"href":"https:\/\/www.todoenbelleza.es\/en\/wp-json\/wp\/v2\/comments?post=2106"}],"version-history":[{"count":0,"href":"https:\/\/www.todoenbelleza.es\/en\/wp-json\/wp\/v2\/posts\/2106\/revisions"}],"wp:featuredmedia":[{"embeddable":true,"href":"https:\/\/www.todoenbelleza.es\/en\/wp-json\/wp\/v2\/media\/2111"}],"wp:attachment":[{"href":"https:\/\/www.todoenbelleza.es\/en\/wp-json\/wp\/v2\/media?parent=2106"}],"wp:term":[{"taxonomy":"category","embeddable":true,"href":"https:\/\/www.todoenbelleza.es\/en\/wp-json\/wp\/v2\/categories?post=2106"},{"taxonomy":"post_tag","embeddable":true,"href":"https:\/\/www.todoenbelleza.es\/en\/wp-json\/wp\/v2\/tags?post=2106"}],"curies":[{"name":"wp","href":"https:\/\/api.w.org\/{rel}","templated":true}]}}