{"id":21028,"date":"2024-09-05T12:57:31","date_gmt":"2024-09-05T12:57:31","guid":{"rendered":"https:\/\/www.todoenbelleza.es\/?p=21028"},"modified":"2024-09-05T13:06:38","modified_gmt":"2024-09-05T13:06:38","slug":"cuida-tu-piel-en-otono","status":"publish","type":"post","link":"https:\/\/www.todoenbelleza.es\/en\/cuida-tu-piel-en-otono\/","title":{"rendered":"Cuida tu Piel en Oto\u00f1o: Fortalece tu Barrera Protectora"},"content":{"rendered":"<p>[et_pb_section fb_built=&#8221;1&#8243; _builder_version=&#8221;4.16&#8243; da_disable_devices=&#8221;off|off|off&#8221; global_colors_info=&#8221;{}&#8221; da_is_popup=&#8221;off&#8221; da_exit_intent=&#8221;off&#8221; da_has_close=&#8221;on&#8221; da_alt_close=&#8221;off&#8221; da_dark_close=&#8221;off&#8221; da_not_modal=&#8221;on&#8221; da_is_singular=&#8221;off&#8221; da_with_loader=&#8221;off&#8221; da_has_shadow=&#8221;on&#8221;][et_pb_row _builder_version=&#8221;4.16&#8243; background_size=&#8221;initial&#8221; background_position=&#8221;top_left&#8221; background_repeat=&#8221;repeat&#8221; global_colors_info=&#8221;{}&#8221;][et_pb_column type=&#8221;4_4&#8243; _builder_version=&#8221;4.16&#8243; custom_padding=&#8221;|||&#8221; global_colors_info=&#8221;{}&#8221; custom_padding__hover=&#8221;|||&#8221;][et_pb_text _builder_version=&#8221;4.25.0&#8243; background_size=&#8221;initial&#8221; background_position=&#8221;top_left&#8221; background_repeat=&#8221;repeat&#8221; global_colors_info=&#8221;{}&#8221;]<\/p>\n<h1><span style=\"color: #ff0000;\"><b>Cuida tu Piel en Oto\u00f1o: Fortalece tu Barrera Protectora<br \/><\/b><\/span><\/h1>\n<p>La piel es nuestro \u00f3rgano defensivo m\u00e1s importante. Nos protege del fr\u00edo, el calor, la fricci\u00f3n y otros factores externos mediante un manto \u00e1cido compuesto por \u00e1cidos grasos como escualeno, ceramidas y colesterol. Este manto no solo nos resguarda de las inclemencias del tiempo, sino tambi\u00e9n de golpes y fricciones.<\/p>\n<p>Con la llegada del oto\u00f1o, los cambios de temperatura, el viento y la mezcla de d\u00edas soleados y nublados pueden afectar la salud de la piel. Por eso, es crucial reforzar nuestras defensas para que la piel siga cumpliendo su funci\u00f3n protectora de manera \u00f3ptima.<\/p>\n<h2>C\u00f3mo Fortalecer la Piel en Oto\u00f1o<\/h2>\n<h3>1. Mantente Activo con Ejercicio F\u00edsico Regular<\/h3>\n<p>El ejercicio, especialmente los entrenamientos de fuerza, promueve la producci\u00f3n de mioquinas, sustancias que se sintetizan en los m\u00fasculos y que ayudan a engrosar la dermis. Una dermis m\u00e1s fuerte es un tejido m\u00e1s sano y resistente.<\/p>\n<h3>2. Alimentaci\u00f3n Rica en \u00c1cidos Grasos y Vitaminas<\/h3>\n<p><strong>\u00c1cido linoleico:<\/strong> Consume alimentos como nueces, anacardos, pi\u00f1ones y pescados azules. Este \u00e1cido graso protege la piel frente a la oxidaci\u00f3n celular.<\/p>\n<h3>Vitaminas esenciales:<\/h3>\n<p>Aseg\u00farate de incluir en tu dieta fuentes de vitaminas A, C, E y D:<\/p>\n<p><strong>&#8211; Vitamina A:<\/strong> Yema de huevo, grasas l\u00e1cteas, zanahorias y boniatos (estos \u00faltimos como precursores).<br \/><strong>&#8211; Vitamina C:<\/strong> Frutas c\u00edtricas como naranjas, mandarinas, kiwis y fresas.<br \/><strong>&#8211; Vitamina E:<\/strong> Germen de trigo.<br \/><strong>&#8211; Vitamina D:<\/strong> Champi\u00f1ones y una breve exposici\u00f3n al sol (10 minutos al d\u00eda sin protecci\u00f3n solar).<\/p>\n<h3>3. Suplementa con Activos Antioxidantes en tu Rutina de Cuidado Facial<\/h3>\n<p>Utiliza s\u00e9rums y cremas enriquecidas con vitamina C, E, D y coenzima Q10. Estos potentes antioxidantes ayudan a combatir el estr\u00e9s oxidativo, manteniendo tu piel sana y protegida.<\/p>\n<p>agua de mar posee propiedades antis\u00e9pticas y antibacterianas que son beneficiosas para desinfectar heridas menores. Elementos como el yodo contribuyen a los efectos curativos y desinflamatorios, ayudando incluso a sanar infecciones de hongos en las u\u00f1as de los pies o en la piel.<\/p>\n<h2>Consejos para Mantener una Piel Sana y Resplandeciente<\/h2>\n<p>Haz ejercicio regularmente, mejora tu dieta con alimentos ricos en nutrientes esenciales y complementa tu rutina de cuidado de la piel con productos adecuados. De esta forma, atravesar\u00e1s el oto\u00f1o con una piel fuerte y radiante, lista para enfrentar cualquier desaf\u00edo clim\u00e1tico.<\/p>\n<p><img decoding=\"async\" loading=\"lazy\" src=\"https:\/\/www.todoenbelleza.es\/wp-content\/uploads\/2024\/07\/Protectores_solares.jpg\" width=\"1040\" height=\"241\" alt=\"\" class=\"wp-image-20859 alignnone size-full\" srcset=\"https:\/\/www.todoenbelleza.es\/wp-content\/uploads\/2024\/07\/Protectores_solares.jpg 1040w, https:\/\/www.todoenbelleza.es\/wp-content\/uploads\/2024\/07\/Protectores_solares-980x227.jpg 980w, https:\/\/www.todoenbelleza.es\/wp-content\/uploads\/2024\/07\/Protectores_solares-480x111.jpg 480w\" sizes=\"(min-width: 0px) and (max-width: 480px) 480px, (min-width: 481px) and (max-width: 980px) 980px, (min-width: 981px) 1040px, 100vw\" \/><\/p>\n<p>\u00bfQuieres leer el art\u00edculo corto en 10 minutos, hazlo desde <a href=\"https:\/\/www.diezminutos.es\/moda-belleza\/belleza\/a61184286\/agua-de-mar-piel-beneficios-belleza\/\">aqu\u00ed.<\/a><\/p>\n<h2><b>\u00a1Reserva tu Estudio de la Piel Hoy!<\/b><\/h2>\n<p><span style=\"font-weight: 400;\">No dejes que los desaf\u00edos del verano afecten la salud de tu piel. Reserva una consulta hoy mismo y recibe una rutina de cuidado personalizada junto con productos \u00fanicos y efectivos. Tu piel merece lo mejor, y estoy aqu\u00ed para ayudarte a lograrlo.<\/span><\/p>\n<h3><strong><a href=\"https:\/\/www.todoenbelleza.es\/en\/pide-cita\/\">\u00a1Reserva una consulta hoy mismo<\/a>!<\/strong><\/h3>\n<p><span style=\"font-weight: 400;\">Siguiendo estos consejos y ajustando tu rutina a las necesidades de tu piel, podr\u00e1s disfrutar del verano con una piel saludable, protegida y radiante. \u00a1Prep\u00e1rate para lucir tu mejor versi\u00f3n en esta temporada estival!<\/span><\/p>\n<p>[\/et_pb_text][\/et_pb_column][\/et_pb_row][et_pb_row _builder_version=&#8221;4.25.0&#8243; _module_preset=&#8221;default&#8221; global_colors_info=&#8221;{}&#8221;][et_pb_column type=&#8221;4_4&#8243; _builder_version=&#8221;4.25.0&#8243; _module_preset=&#8221;default&#8221; global_colors_info=&#8221;{}&#8221;][\/et_pb_column][\/et_pb_row][\/et_pb_section][et_pb_section fb_built=&#8221;1&#8243; _builder_version=&#8221;4.25.0&#8243; _module_preset=&#8221;default&#8221; da_disable_devices=&#8221;off|off|off&#8221; global_colors_info=&#8221;{}&#8221; da_is_popup=&#8221;off&#8221; da_exit_intent=&#8221;off&#8221; da_has_close=&#8221;on&#8221; da_alt_close=&#8221;off&#8221; da_dark_close=&#8221;off&#8221; da_not_modal=&#8221;on&#8221; da_is_singular=&#8221;off&#8221; da_with_loader=&#8221;off&#8221; da_has_shadow=&#8221;on&#8221;][\/et_pb_section]<\/p>","protected":false},"excerpt":{"rendered":"<p>Cuida tu Piel en Oto\u00f1o: Fortalece tu Barrera Protectora La piel es nuestro \u00f3rgano defensivo m\u00e1s importante. Nos protege del fr\u00edo, el calor, la fricci\u00f3n y otros factores externos mediante un manto \u00e1cido compuesto por \u00e1cidos grasos como escualeno, ceramidas y colesterol. Este manto no solo nos resguarda de las inclemencias del tiempo, sino tambi\u00e9n [&hellip;]<\/p>","protected":false},"author":7,"featured_media":21054,"comment_status":"open","ping_status":"open","sticky":false,"template":"","format":"standard","meta":{"_et_pb_use_builder":"on","_et_pb_old_content":"<p class=\"western\" align=\"left\">El acn\u00e9 es una <b>afecci\u00f3n cut\u00e1nea muy com\u00fan<\/b> que afecta a personas de todas las edades, aunque lo tengamos m\u00e1s relacionado con la adolescencia. Muchas personas siguen luchando contra el acn\u00e9 en la edad adulta y en Todo en Belleza, como expertos en cosmetolog\u00eda y est\u00e9tica, entendemos que esto no solo genera preocupaci\u00f3n, sino que tambi\u00e9n repercute en nuestra seguridad y autoestima. Por eso queremos ense\u00f1arte que tipos de acn\u00e9 con m\u00e1s usuales y como se puede tratar cada uno.<\/p><h2 class=\"western\" align=\"left\">\u00bfQu\u00e9 es el acn\u00e9?<\/h2><p class=\"western\" align=\"left\">El acn\u00e9 es una enfermedad de la piel que ocurre cuando los <b>fol\u00edculos pilosos se obstruyen con sebo y c\u00e9lulas muertas<\/b> de la piel. Esto provoca la aparici\u00f3n de comedones, espinillas, p\u00fastulas y, en casos m\u00e1s graves, n\u00f3dulos o quistes.<\/p><p class=\"western\" align=\"left\">Existen tratamientos y se puede <span style=\"color: #000080;\"><span lang=\"zxx\"><u><a href=\"https:\/\/www.todoenbelleza.es\/es\/eliminar-el-acne\/\">eliminar el acn\u00e9<\/a><\/u><\/span><\/span>, pero para ello hay que conocer bien el tipo de acn\u00e9 que tenemos, y tambi\u00e9n cuidar nuestra rutina de skincare y alimentaci\u00f3n.<\/p><h2 class=\"western\" align=\"left\">Tipos de acn\u00e9<\/h2><p class=\"western\" align=\"left\">No todos los acn\u00e9s son iguales, existen diferentes tipos en funci\u00f3n de las causas y los s\u00edntomas que presenta la persona. A continuaci\u00f3n, los tipos de acn\u00e9 m\u00e1s comunes:<\/p><ol><li><p class=\"western\" align=\"left\"><b>Acn\u00e9 vulgaris<\/b><\/p><\/li><\/ol><p class=\"western\" align=\"left\">El acn\u00e9 vulgaris es el tipo m\u00e1s com\u00fan de acn\u00e9 y suele aparecer durante la adolescencia. Se caracteriza por la presencia de puntos negros y los t\u00edpicos granitos con pus o puntos blancos, as\u00ed como por la aparici\u00f3n de espinillas y otras p\u00fastulas.<\/p><ol start=\"2\"><li><p class=\"western\" align=\"left\"><b>Acn\u00e9 qu\u00edstico<\/b><\/p><\/li><\/ol><p class=\"western\" align=\"left\">El acn\u00e9 qu\u00edstico es una forma m\u00e1s grave de acn\u00e9 que se caracteriza por la aparici\u00f3n de n\u00f3dulos o quistes debajo de la piel. Estas lesiones son dolorosas y pueden dejar cicatrices permanentes si no se tratan adecuadamente.<\/p><ol start=\"3\"><li><p class=\"western\" align=\"left\"><b>Acn\u00e9 hormonal<\/b><\/p><\/li><\/ol><p class=\"western\" align=\"left\">El acn\u00e9 hormonal, como su nombre indica, est\u00e1 relacionado con cambios hormonales en el cuerpo. Afecta principalmente a las mujeres durante la adolescencia, el embarazo y la menopausia. Se caracteriza por la aparici\u00f3n de comedones, espinillas y p\u00fastulas en la zona de la mand\u00edbula, el ment\u00f3n y el cuello.<\/p><ol start=\"4\"><li><p class=\"western\" align=\"left\"><b>Acn\u00e9 neonatal<\/b><\/p><\/li><\/ol><p class=\"western\" align=\"left\">El acn\u00e9 neonatal es com\u00fan en los reci\u00e9n nacidos y se caracteriza por la aparici\u00f3n de peque\u00f1as espinillas y granos en la cara del beb\u00e9. Por lo general, desaparece por s\u00ed solo sin necesidad de tratamiento.<\/p><ol start=\"5\"><li><p class=\"western\" align=\"left\"><b>Acn\u00e9 cosm\u00e9tico<\/b><\/p><\/li><\/ol><p class=\"western\" align=\"left\">El acn\u00e9 cosm\u00e9tico es causado por el uso de productos de belleza comedog\u00e9nicos, es decir, aquellos que obstruyen los poros. Es importante elegir productos adecuados seg\u00fan el tipo de piel, por eso te recomendamos hacerte un <span style=\"color: #000080;\"><span lang=\"zxx\"><u><a href=\"https:\/\/www.todoenbelleza.es\/estudio-de-la-piel-online\/\">diagn\u00f3stico de la piel<\/a><\/u><\/span><\/span> antes de tratarte de tu problema de acn\u00e9.<\/p>[caption id=\"attachment_20408\" align=\"aligncenter\" width=\"291\"]<img class=\"wp-image-20408\" src=\"https:\/\/www.todoenbelleza.es\/wp-content\/uploads\/2023\/11\/mujer-acne-1-Personalizado.jpg\" alt=\"Mujer con acn\u00e9 en la cara\" width=\"291\" height=\"437\" \/> El acn\u00e9 vulgaris es uno de los tipos de acn\u00e9 m\u00e1s comunes, y adem\u00e1s pasamos casi todos por el durante la adolescencia.[\/caption]<h2 class=\"western\" align=\"left\">Tratamiento para el acn\u00e9<\/h2><p class=\"western\" align=\"left\">El tratamiento adecuado para el acn\u00e9 depender\u00e1 del tipo y la gravedad de la afecci\u00f3n. A continuaci\u00f3n, te mencionaremos algunos enfoques comunes para tratar el acn\u00e9:<\/p><ul><li><p class=\"western\" align=\"left\"><b>Cuidado diario de la piel<\/b>: Es fundamental mantener una rutina de cuidado diario de la piel para prevenir y tratar el acn\u00e9, aunque lleva a cabo cualquier de los otros tratamiento que recogemos m\u00e1s abajo. Esto incluye limpiar la piel suavemente dos veces al d\u00eda, utilizar productos adecuados a nuestro tipo de piel, y aplicar cremas o geles espec\u00edficos para el acn\u00e9.<\/p><\/li><li><p class=\"western\" align=\"left\"><b>Medicamentos t\u00f3picos<\/b>: Los medicamentos t\u00f3picos, como los retinoides y los per\u00f3xidos de benzoilo, son efectivos para tratar el acn\u00e9 leve a moderado. Estos medicamentos ayudan a reducir la inflamaci\u00f3n, destapar los poros obstruidos y eliminar las bacterias causantes del acn\u00e9.<\/p><\/li><li><p class=\"western\" align=\"left\"><b>Antibi\u00f3ticos sist\u00e9micos<\/b>: En casos de acn\u00e9 m\u00e1s severo, los m\u00e9dicos pueden recetar antibi\u00f3ticos orales para combatir la infecci\u00f3n bacteriana asociada con el acn\u00e9. Estos medicamentos reducen la inflamaci\u00f3n y ayudan a prevenir la formaci\u00f3n de cicatrices, pero son bastante fuertes para el cuerpo y no es recomendable tomarlos durante mucho tiempo.<\/p><\/li><li><p class=\"western\" align=\"left\"><b>Terapia hormonal<\/b>: En mujeres con acn\u00e9 hormonal, los anticonceptivos orales pueden ser una opci\u00f3n de tratamiento efectiva. Estos regulan los niveles hormonales y reducen la producci\u00f3n de sebo, ayudando a controlar el acn\u00e9.<\/p><\/li><li><p class=\"western\" align=\"left\"><b>Procedimientos dermatol\u00f3gicos<\/b>: En casos de acn\u00e9 resistente a otros tratamientos, los procedimientos dermatol\u00f3gicos pueden ser recomendados. Estos incluyen tratamientos con l\u00e1ser, peelings qu\u00edmicos y extracci\u00f3n de comedones.<\/p><\/li><\/ul>[caption id=\"attachment_20404\" align=\"aligncenter\" width=\"354\"]<img class=\"wp-image-20404\" src=\"https:\/\/www.todoenbelleza.es\/wp-content\/uploads\/2023\/11\/acne-vulgar-1.jpg\" alt=\"Mujer con acn\u00e9 en la cara\" width=\"354\" height=\"531\" \/> No todos los tratamientos funcionan igual en todas las pieles. Es siempre necesario dejarse aconsejar por expertos y seguir las indicaciones adecuadas.[\/caption]<h3 class=\"western\" align=\"left\">Las recomendaciones de los expertos seg\u00fan el tipo de acn\u00e9<\/h3><p class=\"western\" align=\"left\">En Todo en Belleza, nos preocupamos por tu bienestar y entendemos la importancia de contar con un tratamiento efectivo para el acn\u00e9. Conociendo los diferentes tipos de acn\u00e9 y las opciones de tratamiento disponibles, nuestros expertos en cosmetolog\u00eda, de la mano de Cuca Miquel, han elaborado <span style=\"color: #000080;\"><span lang=\"zxx\"><u><a href=\"https:\/\/www.todoenbelleza.es\/es\/product-category\/cremas-de-dia-day-creams\/\">cremas para tratar el acn\u00e9<\/a><\/u><\/span><\/span> que ayudan a eliminar los granos, puntos negros y otros problemas derivados de esta condici\u00f3n. No dudes en <span style=\"color: #000080;\"><span lang=\"zxx\"><u><a href=\"https:\/\/www.todoenbelleza.es\/es\/pide-cita\/\">contactarnos o pedir cita<\/a><\/u><\/span><\/span> para visitarnos en Madrid y encontrar el tratamiento adecuado.<\/p><p class=\"western\" align=\"left\">El acn\u00e9 no tiene por qu\u00e9 ser una preocupaci\u00f3n constante en tu vida. Con el tratamiento adecuado y el cuidado apropiado de la piel, puedes lograr una piel m\u00e1s saludable y libre de acn\u00e9. Conf\u00eda en Todo en Belleza, donde <b>la belleza y la salud de tu piel son nuestra prioridad<\/b>.<\/p>","_et_gb_content_width":"","_joinchat":[]},"categories":[138,1],"tags":[739],"yoast_head":"<!-- This site is optimized with the Yoast SEO plugin v20.10 - https:\/\/yoast.com\/wordpress\/plugins\/seo\/ -->\n<title>Beneficios del Agua de Mar para tu Piel | Consejos de Cuca Miquel<\/title>\n<meta name=\"description\" content=\"Beneficios del agua de mar para tu piel: propiedades antis\u00e9pticas, limpieza de impurezas, hidrataci\u00f3n profunda y mejora de la circulaci\u00f3n.\" \/>\n<meta name=\"robots\" content=\"index, follow, max-snippet:-1, max-image-preview:large, max-video-preview:-1\" \/>\n<link rel=\"canonical\" href=\"https:\/\/www.todoenbelleza.es\/en\/cuida-tu-piel-en-otono\/\" \/>\n<meta property=\"og:locale\" content=\"en_GB\" \/>\n<meta property=\"og:type\" content=\"article\" \/>\n<meta property=\"og:title\" content=\"Beneficios del Agua de Mar para tu Piel | Consejos de Cuca Miquel\" \/>\n<meta property=\"og:description\" content=\"Beneficios del agua de mar para tu piel: propiedades antis\u00e9pticas, limpieza de impurezas, hidrataci\u00f3n profunda y mejora de la circulaci\u00f3n.\" \/>\n<meta property=\"og:url\" content=\"https:\/\/www.todoenbelleza.es\/en\/cuida-tu-piel-en-otono\/\" \/>\n<meta property=\"og:site_name\" content=\"Todo en Belleza con Cuca Miquel\" \/>\n<meta property=\"article:publisher\" content=\"https:\/\/www.facebook.com\/www.todoenbelleza.es\/\" \/>\n<meta property=\"article:published_time\" content=\"2024-09-05T12:57:31+00:00\" \/>\n<meta property=\"article:modified_time\" content=\"2024-09-05T13:06:38+00:00\" \/>\n<meta property=\"og:image\" content=\"https:\/\/www.todoenbelleza.es\/wp-content\/uploads\/2024\/09\/239.BLOG_THUMBAIL.jpg\" \/>\n\t<meta property=\"og:image:width\" content=\"260\" \/>\n\t<meta property=\"og:image:height\" content=\"266\" \/>\n\t<meta property=\"og:image:type\" content=\"image\/jpeg\" \/>\n<meta name=\"author\" content=\"David Rodr\u00edguez de Le\u00f3n\" \/>\n<meta name=\"twitter:card\" content=\"summary_large_image\" \/>\n<meta name=\"twitter:creator\" content=\"@todoenbelleza1\" \/>\n<meta name=\"twitter:site\" content=\"@todoenbelleza1\" \/>\n<meta name=\"twitter:label1\" content=\"Written by\" \/>\n\t<meta name=\"twitter:data1\" content=\"David Rodr\u00edguez de Le\u00f3n\" \/>\n\t<meta name=\"twitter:label2\" content=\"Estimated reading time\" \/>\n\t<meta name=\"twitter:data2\" content=\"3 minutes\" \/>\n<!-- \/ Yoast SEO plugin. -->","yoast_head_json":{"title":"Beneficios del Agua de Mar para tu Piel | Consejos de Cuca Miquel","description":"Beneficios del agua de mar para tu piel: propiedades antis\u00e9pticas, limpieza de impurezas, hidrataci\u00f3n profunda y mejora de la circulaci\u00f3n.","robots":{"index":"index","follow":"follow","max-snippet":"max-snippet:-1","max-image-preview":"max-image-preview:large","max-video-preview":"max-video-preview:-1"},"canonical":"https:\/\/www.todoenbelleza.es\/en\/cuida-tu-piel-en-otono\/","og_locale":"en_GB","og_type":"article","og_title":"Beneficios del Agua de Mar para tu Piel | Consejos de Cuca Miquel","og_description":"Beneficios del agua de mar para tu piel: propiedades antis\u00e9pticas, limpieza de impurezas, hidrataci\u00f3n profunda y mejora de la circulaci\u00f3n.","og_url":"https:\/\/www.todoenbelleza.es\/en\/cuida-tu-piel-en-otono\/","og_site_name":"Todo en Belleza con Cuca Miquel","article_publisher":"https:\/\/www.facebook.com\/www.todoenbelleza.es\/","article_published_time":"2024-09-05T12:57:31+00:00","article_modified_time":"2024-09-05T13:06:38+00:00","og_image":[{"width":260,"height":266,"url":"https:\/\/www.todoenbelleza.es\/wp-content\/uploads\/2024\/09\/239.BLOG_THUMBAIL.jpg","type":"image\/jpeg"}],"author":"David Rodr\u00edguez de Le\u00f3n","twitter_card":"summary_large_image","twitter_creator":"@todoenbelleza1","twitter_site":"@todoenbelleza1","twitter_misc":{"Written by":"David Rodr\u00edguez de Le\u00f3n","Estimated reading time":"3 minutes"},"schema":{"@context":"https:\/\/schema.org","@graph":[{"@type":"Article","@id":"https:\/\/www.todoenbelleza.es\/cuida-tu-piel-en-otono\/#article","isPartOf":{"@id":"https:\/\/www.todoenbelleza.es\/cuida-tu-piel-en-otono\/"},"author":{"name":"David Rodr\u00edguez de Le\u00f3n","@id":"https:\/\/www.todoenbelleza.es\/#\/schema\/person\/2f2f178350d791468920317c2a081a52"},"headline":"Cuida tu Piel en Oto\u00f1o: Fortalece tu Barrera Protectora","datePublished":"2024-09-05T12:57:31+00:00","dateModified":"2024-09-05T13:06:38+00:00","mainEntityOfPage":{"@id":"https:\/\/www.todoenbelleza.es\/cuida-tu-piel-en-otono\/"},"wordCount":725,"commentCount":0,"publisher":{"@id":"https:\/\/www.todoenbelleza.es\/#organization"},"keywords":["tipo de piel"],"articleSection":["Prensa y colaboraciones","Uncategorized"],"inLanguage":"en-GB","potentialAction":[{"@type":"CommentAction","name":"Comment","target":["https:\/\/www.todoenbelleza.es\/cuida-tu-piel-en-otono\/#respond"]}]},{"@type":"WebPage","@id":"https:\/\/www.todoenbelleza.es\/cuida-tu-piel-en-otono\/","url":"https:\/\/www.todoenbelleza.es\/cuida-tu-piel-en-otono\/","name":"Beneficios del Agua de Mar para tu Piel | Consejos de Cuca Miquel","isPartOf":{"@id":"https:\/\/www.todoenbelleza.es\/#website"},"datePublished":"2024-09-05T12:57:31+00:00","dateModified":"2024-09-05T13:06:38+00:00","description":"Beneficios del agua de mar para tu piel: propiedades antis\u00e9pticas, limpieza de impurezas, hidrataci\u00f3n profunda y mejora de la circulaci\u00f3n.","breadcrumb":{"@id":"https:\/\/www.todoenbelleza.es\/cuida-tu-piel-en-otono\/#breadcrumb"},"inLanguage":"en-GB","potentialAction":[{"@type":"ReadAction","target":["https:\/\/www.todoenbelleza.es\/cuida-tu-piel-en-otono\/"]}]},{"@type":"BreadcrumbList","@id":"https:\/\/www.todoenbelleza.es\/cuida-tu-piel-en-otono\/#breadcrumb","itemListElement":[{"@type":"ListItem","position":1,"name":"Portada","item":"https:\/\/www.todoenbelleza.es\/"},{"@type":"ListItem","position":2,"name":"Cuida tu Piel en Oto\u00f1o: Fortalece tu Barrera Protectora"}]},{"@type":"WebSite","@id":"https:\/\/www.todoenbelleza.es\/#website","url":"https:\/\/www.todoenbelleza.es\/","name":"Todo en Belleza con Cuca Miquel","description":"Centro de belleza y medicina est\u00e9tica en Madrid","publisher":{"@id":"https:\/\/www.todoenbelleza.es\/#organization"},"potentialAction":[{"@type":"SearchAction","target":{"@type":"EntryPoint","urlTemplate":"https:\/\/www.todoenbelleza.es\/?s={search_term_string}"},"query-input":"required name=search_term_string"}],"inLanguage":"en-GB"},{"@type":"Organization","@id":"https:\/\/www.todoenbelleza.es\/#organization","name":"Todo en Belleza con Cuca Miquel","url":"https:\/\/www.todoenbelleza.es\/","logo":{"@type":"ImageObject","inLanguage":"en-GB","@id":"https:\/\/www.todoenbelleza.es\/#\/schema\/logo\/image\/","url":"https:\/\/www.todoenbelleza.es\/wp-content\/uploads\/2023\/02\/logocabecera.png","contentUrl":"https:\/\/www.todoenbelleza.es\/wp-content\/uploads\/2023\/02\/logocabecera.png","width":311,"height":60,"caption":"Todo en Belleza con Cuca Miquel"},"image":{"@id":"https:\/\/www.todoenbelleza.es\/#\/schema\/logo\/image\/"},"sameAs":["https:\/\/www.facebook.com\/www.todoenbelleza.es\/","https:\/\/twitter.com\/todoenbelleza1","https:\/\/www.instagram.com\/todo.en.belleza_cucamiquel\/"]},{"@type":"Person","@id":"https:\/\/www.todoenbelleza.es\/#\/schema\/person\/2f2f178350d791468920317c2a081a52","name":"David Rodr\u00edguez de Le\u00f3n","image":{"@type":"ImageObject","inLanguage":"en-GB","@id":"https:\/\/www.todoenbelleza.es\/#\/schema\/person\/image\/","url":"https:\/\/www.todoenbelleza.es\/wp-content\/uploads\/2022\/05\/icono-100x100.png","contentUrl":"https:\/\/www.todoenbelleza.es\/wp-content\/uploads\/2022\/05\/icono-100x100.png","caption":"David Rodr\u00edguez de Le\u00f3n"}}]}},"_links":{"self":[{"href":"https:\/\/www.todoenbelleza.es\/en\/wp-json\/wp\/v2\/posts\/21028"}],"collection":[{"href":"https:\/\/www.todoenbelleza.es\/en\/wp-json\/wp\/v2\/posts"}],"about":[{"href":"https:\/\/www.todoenbelleza.es\/en\/wp-json\/wp\/v2\/types\/post"}],"author":[{"embeddable":true,"href":"https:\/\/www.todoenbelleza.es\/en\/wp-json\/wp\/v2\/users\/7"}],"replies":[{"embeddable":true,"href":"https:\/\/www.todoenbelleza.es\/en\/wp-json\/wp\/v2\/comments?post=21028"}],"version-history":[{"count":0,"href":"https:\/\/www.todoenbelleza.es\/en\/wp-json\/wp\/v2\/posts\/21028\/revisions"}],"wp:featuredmedia":[{"embeddable":true,"href":"https:\/\/www.todoenbelleza.es\/en\/wp-json\/wp\/v2\/media\/21054"}],"wp:attachment":[{"href":"https:\/\/www.todoenbelleza.es\/en\/wp-json\/wp\/v2\/media?parent=21028"}],"wp:term":[{"taxonomy":"category","embeddable":true,"href":"https:\/\/www.todoenbelleza.es\/en\/wp-json\/wp\/v2\/categories?post=21028"},{"taxonomy":"post_tag","embeddable":true,"href":"https:\/\/www.todoenbelleza.es\/en\/wp-json\/wp\/v2\/tags?post=21028"}],"curies":[{"name":"wp","href":"https:\/\/api.w.org\/{rel}","templated":true}]}}