{"id":2081,"date":"2014-06-01T13:30:24","date_gmt":"2014-06-01T13:30:24","guid":{"rendered":"http:\/\/www.todoenbelleza.es\/?p=2081"},"modified":"2023-02-12T19:09:53","modified_gmt":"2023-02-12T19:09:53","slug":"socorro-acabo-de-ver-una-arruga","status":"publish","type":"post","link":"https:\/\/www.todoenbelleza.es\/en\/socorro-acabo-de-ver-una-arruga\/","title":{"rendered":"\u00a1 Socorro&#8230;\u00a1 Me acabo de ver una arruga"},"content":{"rendered":"<p>Tengo 35 o 40 a\u00f1os, \u00bfhe empezado a envejecer&#8230;?<\/p>\n<p>\u00a1Socorro.! \u00a1\u00bfd\u00f3nde acudir&#8230;? \u00bfQu\u00e9 debo hacerme&#8230;?\u00bfQui\u00e9n me ayuda&#8230;?<\/p>\n<p>En este mismo momento, miles de mujeres de esas edades realizan exclamaciones semejantes despu\u00e9s de mirarse con el espejo de 7 aumentos en la luz cegadora de su ba\u00f1o.<\/p>\n<p>No hay porque alarmarse, la vejez es FLACIDEZ, mientras tu \u00f3valo facial permanezca anclado en el reborde mandibular, marcando el paso entre rostro y cuello y la grasa de tus mejillas se mantenga en su sitio ofreciendo esa imagen bella y turgente de un rostro joven, t\u00fa no est\u00e1s envejeciendo.<\/p>\n<p>Esas peque\u00f1as arrugas alrededor de los ojos que aparecen cuando sonr\u00edes son la expresi\u00f3n de una persona feliz que gesticula y mientras dichas arrugas desaparezcan al dejar de sonre\u00edr no debes preocuparte, esas arrugas son propias de gente joven y expresiva. El problema empieza cuando las arrugas permanecen marcadas en nuestra piel al estar la cara en reposo, es decir, sin sonre\u00edr.<\/p>\n<p>La soluci\u00f3n es inyectarse unas peque\u00f1as dosis de toxina botul\u00ednica cada 4 o 6 meses para mantener relajada la musculatura del orbicular de los ojos.<\/p>\n<p>Cuando a estas arrugas de expresi\u00f3n le acompa\u00f1an las arrugas de la frente, la toxina hay que inyectarla tambi\u00e9n ah\u00ed para relajar el m\u00fasculo frontal.<\/p>\n<p>\u00bfD\u00f3nde acudir?\u00a0 La toxina botul\u00ednica solamente puede ser inyectada por un m\u00e9dico especializado en dicha t\u00e9cnica, la t\u00e9cnica es sencilla en manos expertas, pero puede ocasionar alg\u00fan que otro problema como ca\u00edda de la ceja, acentuaci\u00f3n del edema en p\u00e1rpado inferior cuando el profesional no tiene la debida preparaci\u00f3n o suficiente experiencia.<\/p>\n<p>Por supuesto que estas complicaciones no son definitivas y desaparecer\u00e1n al cabo de poco tiempo siempre que se apliquen los tratamientos correspondientes.<\/p>\n<p>Cuando lo que vemos es que el surco naso geniano (entre la nariz y la boca) ha aumentado de tama\u00f1o, nos afea y nos da aspecto de cansadas.<\/p>\n<p>\u00bfQu\u00e9 es lo que debemos hacer?<\/p>\n<p>La respuesta es que hay que acudir a un Centro M\u00e9dico de Est\u00e9tica para que valoren si lo que presentamos es ya flacidez facial que empuja hacia abajo la piel de encima del surco naso-geniano y que necesitamos sonre\u00edr constantemente para mejorar la imagen. La soluci\u00f3n pasa por tensar la piel con cualquiera de los m\u00faltiples tratamientos que hay para ello, desde cualquier tipo de radiofrecuencia de una sesi\u00f3n a como el Thermage o de varias sesiones como el Contrage, los hilos formadores de col\u00e1geno o japoneses, la mesoterapia con vitaminas y oligoelementos, los hilos qu\u00edmicos como el Radiesse capaz de demostrar el aumento de la formaci\u00f3n de col\u00e1geno en la zona. Y en \u00faltimo extremo, si no hay flacidez, pero si el surco muy marcado derivado de la gen\u00e9tica, se pueden hacer rellenos de \u00e1cido hialur\u00f3nico<\/p>\n<p>Pero hay un tema importante que no se debe menospreciar y es el cuidado de la piel desde antes que empiecen a marcarse las arrugas de expresi\u00f3n.<\/p>\n<p>\u00bfCu\u00e1ndo debo empezar con el cuidado de la piel?<\/p>\n<p>La respuesta es: desde siempre.<\/p>\n<p>A los ni\u00f1os hay que cuidarlos del sol con factores de protecci\u00f3n, una crema con factor 30 desde ni\u00f1os en cara, manos y piernas (aunque vayan tapados, ya que la tela no protege del sol), la limpieza del cutis con productos adecuados hay que pautarlas desde la adolescencia y hay que ense\u00f1arles el uso de la adecuada limpieza del rostro para evitar o prevenir el acn\u00e9 juvenil, tambi\u00e9n el uso de las cremas hidratantes desde que empiezan a practicar deportes al aire libre o simplemente beban refrescos azucarados o ingieran alcohol.<\/p>\n<p>Ya veis que no es cuesti\u00f3n de empezar con el uso de las cremas, al ver aparecer las primeras arrugas hay que saber algo m\u00e1s con relaci\u00f3n a la cosm\u00e9tica.<\/p>\n<p>Dra. Silvestre<\/p>","protected":false},"excerpt":{"rendered":"<p>Tengo 35 o 40 a\u00f1os, \u00bfhe empezado a envejecer&#8230;? \u00a1Socorro.! \u00a1\u00bfd\u00f3nde acudir&#8230;? \u00bfQu\u00e9 debo hacerme&#8230;?\u00bfQui\u00e9n me ayuda&#8230;? En este mismo momento, miles de mujeres de esas edades realizan exclamaciones semejantes despu\u00e9s de mirarse con el espejo de 7 aumentos en la luz cegadora de su ba\u00f1o. No hay porque alarmarse, la vejez es FLACIDEZ, mientras [&hellip;]<\/p>","protected":false},"author":4,"featured_media":2086,"comment_status":"open","ping_status":"closed","sticky":false,"template":"","format":"standard","meta":{"_et_pb_use_builder":"","_et_pb_old_content":"","_et_gb_content_width":"","_joinchat":[]},"categories":[138],"tags":[342,280,159,155,278,222,240],"yoast_head":"<!-- This site is optimized with the Yoast SEO plugin v20.10 - https:\/\/yoast.com\/wordpress\/plugins\/seo\/ -->\n<title>\u00a1 Socorro...\u00a1 Me acabo de ver una arruga<\/title>\n<meta name=\"robots\" content=\"index, follow, max-snippet:-1, max-image-preview:large, max-video-preview:-1\" \/>\n<link rel=\"canonical\" href=\"https:\/\/www.todoenbelleza.es\/en\/socorro-acabo-de-ver-una-arruga\/\" \/>\n<meta property=\"og:locale\" content=\"en_GB\" \/>\n<meta property=\"og:type\" content=\"article\" \/>\n<meta property=\"og:title\" content=\"\u00a1 Socorro...\u00a1 Me acabo de ver una arruga\" \/>\n<meta property=\"og:description\" content=\"Tengo 35 o 40 a\u00f1os, \u00bfhe empezado a envejecer&#8230;? \u00a1Socorro.! \u00a1\u00bfd\u00f3nde acudir&#8230;? \u00bfQu\u00e9 debo hacerme&#8230;?\u00bfQui\u00e9n me ayuda&#8230;? En este mismo momento, miles de mujeres de esas edades realizan exclamaciones semejantes despu\u00e9s de mirarse con el espejo de 7 aumentos en la luz cegadora de su ba\u00f1o. No hay porque alarmarse, la vejez es FLACIDEZ, mientras [&hellip;]\" \/>\n<meta property=\"og:url\" content=\"https:\/\/www.todoenbelleza.es\/en\/socorro-acabo-de-ver-una-arruga\/\" \/>\n<meta property=\"og:site_name\" content=\"Todo en Belleza con Cuca Miquel\" \/>\n<meta property=\"article:publisher\" content=\"https:\/\/www.facebook.com\/www.todoenbelleza.es\/\" \/>\n<meta property=\"article:published_time\" content=\"2014-06-01T13:30:24+00:00\" \/>\n<meta property=\"article:modified_time\" content=\"2023-02-12T19:09:53+00:00\" \/>\n<meta property=\"og:image\" content=\"https:\/\/www.todoenbelleza.es\/wp-content\/uploads\/2014\/05\/DSC_8883-e1444772018559.jpg\" \/>\n\t<meta property=\"og:image:width\" content=\"600\" \/>\n\t<meta property=\"og:image:height\" content=\"600\" \/>\n\t<meta property=\"og:image:type\" content=\"image\/jpeg\" \/>\n<meta name=\"author\" content=\"Dra. Mercedes Silvestre\" \/>\n<meta name=\"twitter:card\" content=\"summary_large_image\" \/>\n<meta name=\"twitter:creator\" content=\"@todoenbelleza1\" \/>\n<meta name=\"twitter:site\" content=\"@todoenbelleza1\" \/>\n<meta name=\"twitter:label1\" content=\"Written by\" \/>\n\t<meta name=\"twitter:data1\" content=\"Dra. Mercedes Silvestre\" \/>\n\t<meta name=\"twitter:label2\" content=\"Estimated reading time\" \/>\n\t<meta name=\"twitter:data2\" content=\"3 minutes\" \/>\n<!-- \/ Yoast SEO plugin. -->","yoast_head_json":{"title":"\u00a1 Socorro...\u00a1 Me acabo de ver una arruga","robots":{"index":"index","follow":"follow","max-snippet":"max-snippet:-1","max-image-preview":"max-image-preview:large","max-video-preview":"max-video-preview:-1"},"canonical":"https:\/\/www.todoenbelleza.es\/en\/socorro-acabo-de-ver-una-arruga\/","og_locale":"en_GB","og_type":"article","og_title":"\u00a1 Socorro...\u00a1 Me acabo de ver una arruga","og_description":"Tengo 35 o 40 a\u00f1os, \u00bfhe empezado a envejecer&#8230;? \u00a1Socorro.! \u00a1\u00bfd\u00f3nde acudir&#8230;? \u00bfQu\u00e9 debo hacerme&#8230;?\u00bfQui\u00e9n me ayuda&#8230;? En este mismo momento, miles de mujeres de esas edades realizan exclamaciones semejantes despu\u00e9s de mirarse con el espejo de 7 aumentos en la luz cegadora de su ba\u00f1o. No hay porque alarmarse, la vejez es FLACIDEZ, mientras [&hellip;]","og_url":"https:\/\/www.todoenbelleza.es\/en\/socorro-acabo-de-ver-una-arruga\/","og_site_name":"Todo en Belleza con Cuca Miquel","article_publisher":"https:\/\/www.facebook.com\/www.todoenbelleza.es\/","article_published_time":"2014-06-01T13:30:24+00:00","article_modified_time":"2023-02-12T19:09:53+00:00","og_image":[{"width":600,"height":600,"url":"https:\/\/www.todoenbelleza.es\/wp-content\/uploads\/2014\/05\/DSC_8883-e1444772018559.jpg","type":"image\/jpeg"}],"author":"Dra. Mercedes Silvestre","twitter_card":"summary_large_image","twitter_creator":"@todoenbelleza1","twitter_site":"@todoenbelleza1","twitter_misc":{"Written by":"Dra. Mercedes Silvestre","Estimated reading time":"3 minutes"},"schema":{"@context":"https:\/\/schema.org","@graph":[{"@type":"Article","@id":"https:\/\/www.todoenbelleza.es\/socorro-acabo-de-ver-una-arruga\/#article","isPartOf":{"@id":"https:\/\/www.todoenbelleza.es\/socorro-acabo-de-ver-una-arruga\/"},"author":{"name":"Dra. Mercedes Silvestre","@id":"https:\/\/www.todoenbelleza.es\/#\/schema\/person\/45041fd22c1a353220017efdbf4f85ae"},"headline":"\u00a1 Socorro&#8230;\u00a1 Me acabo de ver una arruga","datePublished":"2014-06-01T13:30:24+00:00","dateModified":"2023-02-12T19:09:53+00:00","mainEntityOfPage":{"@id":"https:\/\/www.todoenbelleza.es\/socorro-acabo-de-ver-una-arruga\/"},"wordCount":672,"commentCount":0,"publisher":{"@id":"https:\/\/www.todoenbelleza.es\/#organization"},"keywords":["#centroDeEsteticaMadrid","#medicinaEstetica","#thermage","#thermageCPT","#thermageCPTPrecios","#thermageMadrid","#thermageOpiniones"],"articleSection":["Prensa y colaboraciones"],"inLanguage":"en-GB","potentialAction":[{"@type":"CommentAction","name":"Comment","target":["https:\/\/www.todoenbelleza.es\/socorro-acabo-de-ver-una-arruga\/#respond"]}]},{"@type":"WebPage","@id":"https:\/\/www.todoenbelleza.es\/socorro-acabo-de-ver-una-arruga\/","url":"https:\/\/www.todoenbelleza.es\/socorro-acabo-de-ver-una-arruga\/","name":"\u00a1 Socorro...\u00a1 Me acabo de ver una arruga","isPartOf":{"@id":"https:\/\/www.todoenbelleza.es\/#website"},"datePublished":"2014-06-01T13:30:24+00:00","dateModified":"2023-02-12T19:09:53+00:00","breadcrumb":{"@id":"https:\/\/www.todoenbelleza.es\/socorro-acabo-de-ver-una-arruga\/#breadcrumb"},"inLanguage":"en-GB","potentialAction":[{"@type":"ReadAction","target":["https:\/\/www.todoenbelleza.es\/socorro-acabo-de-ver-una-arruga\/"]}]},{"@type":"BreadcrumbList","@id":"https:\/\/www.todoenbelleza.es\/socorro-acabo-de-ver-una-arruga\/#breadcrumb","itemListElement":[{"@type":"ListItem","position":1,"name":"Portada","item":"https:\/\/www.todoenbelleza.es\/"},{"@type":"ListItem","position":2,"name":"\u00a1 Socorro&#8230;\u00a1 Me acabo de ver una arruga"}]},{"@type":"WebSite","@id":"https:\/\/www.todoenbelleza.es\/#website","url":"https:\/\/www.todoenbelleza.es\/","name":"Todo en Belleza con Cuca Miquel","description":"Centro de belleza y medicina est\u00e9tica en Madrid","publisher":{"@id":"https:\/\/www.todoenbelleza.es\/#organization"},"potentialAction":[{"@type":"SearchAction","target":{"@type":"EntryPoint","urlTemplate":"https:\/\/www.todoenbelleza.es\/?s={search_term_string}"},"query-input":"required name=search_term_string"}],"inLanguage":"en-GB"},{"@type":"Organization","@id":"https:\/\/www.todoenbelleza.es\/#organization","name":"Todo en Belleza con Cuca Miquel","url":"https:\/\/www.todoenbelleza.es\/","logo":{"@type":"ImageObject","inLanguage":"en-GB","@id":"https:\/\/www.todoenbelleza.es\/#\/schema\/logo\/image\/","url":"https:\/\/www.todoenbelleza.es\/wp-content\/uploads\/2023\/02\/logocabecera.png","contentUrl":"https:\/\/www.todoenbelleza.es\/wp-content\/uploads\/2023\/02\/logocabecera.png","width":311,"height":60,"caption":"Todo en Belleza con Cuca Miquel"},"image":{"@id":"https:\/\/www.todoenbelleza.es\/#\/schema\/logo\/image\/"},"sameAs":["https:\/\/www.facebook.com\/www.todoenbelleza.es\/","https:\/\/twitter.com\/todoenbelleza1","https:\/\/www.instagram.com\/todo.en.belleza_cucamiquel\/"]},{"@type":"Person","@id":"https:\/\/www.todoenbelleza.es\/#\/schema\/person\/45041fd22c1a353220017efdbf4f85ae","name":"Dra. Mercedes Silvestre","image":{"@type":"ImageObject","inLanguage":"en-GB","@id":"https:\/\/www.todoenbelleza.es\/#\/schema\/person\/image\/","url":"https:\/\/www.todoenbelleza.es\/wp-content\/uploads\/2018\/02\/doctora-silvestre.jpg","contentUrl":"https:\/\/www.todoenbelleza.es\/wp-content\/uploads\/2018\/02\/doctora-silvestre.jpg","caption":"Dra. Mercedes Silvestre"},"description":"M\u00e1ster en Medicina Est\u00e9tica por la Escuela Espa\u00f1ola de Medicina Est\u00e9tica y Diplomatura en Cirug\u00eda Est\u00e9tica por la Sociedad Espa\u00f1ola de Cirug\u00eda Est\u00e9tica. En el a\u00f1o 1990 comienzo a trabajar la medicina est\u00e9tica con una consulta personal privada en Alcal\u00e1 de Henares (Madrid) y, mientras tanto, realizo y asisto a numerosos cursos y formaci\u00f3n en medicina est\u00e9tica. En el a\u00f1o 2006 me especializo en tratamientos de aparatolog\u00eda norteamericana: desde los l\u00e1seres m\u00e1s sencillos a los m\u00e1s sofisticados, pasando por radiofrecuencia de \u00faltima generaci\u00f3n y la ultracavitaci\u00f3n focalizada. Desde ese momento, mis consultas y tratamientos derivan a tratamientos de alta tecnolog\u00eda, los m\u00e1s punteros del sector, actuales y eficaces. Eso s\u00ed, sin descartar tratamientos cl\u00e1sicos de la medicina est\u00e9tica."}]}},"_links":{"self":[{"href":"https:\/\/www.todoenbelleza.es\/en\/wp-json\/wp\/v2\/posts\/2081"}],"collection":[{"href":"https:\/\/www.todoenbelleza.es\/en\/wp-json\/wp\/v2\/posts"}],"about":[{"href":"https:\/\/www.todoenbelleza.es\/en\/wp-json\/wp\/v2\/types\/post"}],"author":[{"embeddable":true,"href":"https:\/\/www.todoenbelleza.es\/en\/wp-json\/wp\/v2\/users\/4"}],"replies":[{"embeddable":true,"href":"https:\/\/www.todoenbelleza.es\/en\/wp-json\/wp\/v2\/comments?post=2081"}],"version-history":[{"count":0,"href":"https:\/\/www.todoenbelleza.es\/en\/wp-json\/wp\/v2\/posts\/2081\/revisions"}],"wp:featuredmedia":[{"embeddable":true,"href":"https:\/\/www.todoenbelleza.es\/en\/wp-json\/wp\/v2\/media\/2086"}],"wp:attachment":[{"href":"https:\/\/www.todoenbelleza.es\/en\/wp-json\/wp\/v2\/media?parent=2081"}],"wp:term":[{"taxonomy":"category","embeddable":true,"href":"https:\/\/www.todoenbelleza.es\/en\/wp-json\/wp\/v2\/categories?post=2081"},{"taxonomy":"post_tag","embeddable":true,"href":"https:\/\/www.todoenbelleza.es\/en\/wp-json\/wp\/v2\/tags?post=2081"}],"curies":[{"name":"wp","href":"https:\/\/api.w.org\/{rel}","templated":true}]}}