{"id":20762,"date":"2024-07-19T13:10:14","date_gmt":"2024-07-19T13:10:14","guid":{"rendered":"https:\/\/www.todoenbelleza.es\/?p=20762"},"modified":"2024-07-19T14:58:50","modified_gmt":"2024-07-19T14:58:50","slug":"blog-consejos-piel-verano","status":"publish","type":"post","link":"https:\/\/www.todoenbelleza.es\/en\/blog-consejos-piel-verano\/","title":{"rendered":"C\u00f3mo Preparar tu Piel para el Verano: Consejos de Cuca Miquel"},"content":{"rendered":"<p>[et_pb_section fb_built=&#8221;1&#8243; _builder_version=&#8221;4.16&#8243; da_disable_devices=&#8221;off|off|off&#8221; global_colors_info=&#8221;{}&#8221; theme_builder_area=&#8221;post_content&#8221; da_is_popup=&#8221;off&#8221; da_exit_intent=&#8221;off&#8221; da_has_close=&#8221;on&#8221; da_alt_close=&#8221;off&#8221; da_dark_close=&#8221;off&#8221; da_not_modal=&#8221;on&#8221; da_is_singular=&#8221;off&#8221; da_with_loader=&#8221;off&#8221; da_has_shadow=&#8221;on&#8221;][et_pb_row _builder_version=&#8221;4.16&#8243; background_size=&#8221;initial&#8221; background_position=&#8221;top_left&#8221; background_repeat=&#8221;repeat&#8221; global_colors_info=&#8221;{}&#8221; theme_builder_area=&#8221;post_content&#8221;][et_pb_column type=&#8221;4_4&#8243; _builder_version=&#8221;4.16&#8243; custom_padding=&#8221;|||&#8221; global_colors_info=&#8221;{}&#8221; custom_padding__hover=&#8221;|||&#8221; theme_builder_area=&#8221;post_content&#8221;][et_pb_text _builder_version=&#8221;4.25.0&#8243; background_size=&#8221;initial&#8221; background_position=&#8221;top_left&#8221; background_repeat=&#8221;repeat&#8221; hover_enabled=&#8221;0&#8243; global_colors_info=&#8221;{}&#8221; theme_builder_area=&#8221;post_content&#8221; sticky_enabled=&#8221;0&#8243;]<\/p>\n<h1><strong><span style=\"color: #ff0000;\">C\u00f3mo Preparar tu Piel para el Verano: <br \/>Consejos de Cuca Miquel<\/span><\/strong><\/h1>\n<p><span style=\"font-weight: 400;\">El verano trae consigo calor, humedad, salinidad y \u00e1caros de la arena, todos factores que pueden afectar negativamente la salud de tu piel. Para mantener una piel saludable y radiante, la experta en belleza <strong>Cuca Miquel<\/strong> nos comparte sus mejores consejos. Aqu\u00ed te mostramos el cuidado de la piel en verano con Cuca Miquel. Preparar tu piel para el verano con una rutina de cuidados adecuada.<\/span><\/p>\n<h2><strong>Establece una Rutina de Cuidados Personalizada<\/strong><\/h2>\n<p><span style=\"font-weight: 400;\">El primer paso para una piel saludable es establecer una rutina de cuidados adaptada a las necesidades espec\u00edficas de tu piel. Esta rutina debe incluir limpieza, hidrataci\u00f3n, exfoliaci\u00f3n y protecci\u00f3n solar. Un estudio de la piel, ya sea online o presencial, puede ayudarte a conocer las caracter\u00edsticas particulares de tu piel y ajustar tu rutina en consecuencia.<\/span><\/p>\n<h3>1. Limpieza Diaria<\/h3>\n<p><span style=\"font-weight: 400;\">La limpieza de la piel es esencial tanto de d\u00eda como de noche. Utiliza leches desmaquillantes suaves e hidratantes para eliminar impurezas sin resecar tu piel. Si tus vacaciones son en la costa de Levante, donde la concentraci\u00f3n salina del mar Mediterr\u00e1neo es mayor, es importante nutrir a\u00fan m\u00e1s la piel para prevenir el acn\u00e9.<\/span><\/p>\n<h3><span style=\"font-weight: 400;\">2. Exfoliaci\u00f3n Regular<\/span><\/h3>\n<p><span style=\"font-weight: 400;\">La exfoliaci\u00f3n es el segundo paso m\u00e1s importante despu\u00e9s de la limpieza. Ayuda a eliminar las c\u00e9lulas muertas de la piel, dej\u00e1ndola m\u00e1s suave y luminosa. Opta por exfoliantes con ingredientes naturales y suaves, no irritantes, y realiza este proceso dos o tres veces por semana, preferiblemente antes de empezar tus vacaciones.<\/span><\/p>\n<h3><span style=\"font-weight: 400;\">3. Hidrataci\u00f3n Constante<\/span><\/h3>\n<p><span style=\"font-weight: 400;\">No importa si tus vacaciones son en la playa, la piscina, la monta\u00f1a o la ciudad, la hidrataci\u00f3n es clave. Utiliza cremas y serums ligeros pero efectivos, que contengan activos emolientes, hidratantes y humectantes para evitar la p\u00e9rdida de agua transepid\u00e9rmica. La elecci\u00f3n del producto adecuado para tu tipo de piel es crucial y debe basarse en un estudio detallado de la misma.<\/span><\/p>\n<p><span style=\"font-weight: 400;\">Adem\u00e1s, es fundamental mantener la piel hidratada desde el interior. Bebe al menos 8 vasos de agua al d\u00eda y consume una dieta rica en antioxidantes y minerales, incluyendo alimentos frescos como tomates, pepinos, sand\u00edas, melones, as\u00ed como bebidas nutritivas como gazpacho y salmorejo.<\/span><\/p>\n<h3><span style=\"font-weight: 400;\">4. Protecci\u00f3n Solar<\/span><\/h3>\n<p><span style=\"font-weight: 400;\">La protecci\u00f3n solar es vital para prevenir da\u00f1os causados por los rayos UV. Utiliza un protector solar de amplio espectro con un SPF adecuado para tu tipo de piel y reapl\u00edcalo cada dos horas, especialmente si est\u00e1s al aire libre. No olvides proteger tambi\u00e9n tus labios y \u00e1reas sensibles como las orejas y el cuello.<\/span><\/p>\n<h3><span style=\"font-weight: 400;\">5. Alimentaci\u00f3n y Actitud Positiva<\/span><\/h3>\n<p><span style=\"font-weight: 400;\">Una alimentaci\u00f3n sana y variada, rica en verduras y frutas frescas, fortalece las defensas de la piel. Los antioxidantes presentes en estos alimentos ayudan a combatir los radicales libres y a mantener la piel joven y saludable. Adem\u00e1s, mantener una actitud positiva y optimista tiene un impacto directo en la salud de tu piel, reduciendo los efectos del estr\u00e9s y promoviendo un aspecto m\u00e1s radiante.<\/span><\/p>\n<p><img decoding=\"async\" loading=\"lazy\" class=\"wp-image-20805 alignnone size-full\" src=\"https:\/\/www.todoenbelleza.es\/wp-content\/uploads\/2024\/07\/Protege_tupiel.jpg\" alt=\"\" width=\"1040\" height=\"241\" srcset=\"https:\/\/www.todoenbelleza.es\/wp-content\/uploads\/2024\/07\/Protege_tupiel.jpg 1040w, https:\/\/www.todoenbelleza.es\/wp-content\/uploads\/2024\/07\/Protege_tupiel-980x227.jpg 980w, https:\/\/www.todoenbelleza.es\/wp-content\/uploads\/2024\/07\/Protege_tupiel-480x111.jpg 480w\" sizes=\"(min-width: 0px) and (max-width: 480px) 480px, (min-width: 481px) and (max-width: 980px) 980px, (min-width: 981px) 1040px, 100vw\" \/><\/p>\n<p>\u00bfQuieres leer el art\u00edculo breve en 10 minutos? desc\u00fabrelo <a href=\"https:\/\/www.diezminutos.es\/moda-belleza\/belleza\/a61555097\/consejos-piel-verano-defensas\/\">aqu\u00ed<\/a><\/p>\n<h2><strong>Cuidados Adicionales<\/strong><\/h2>\n<p>Mascarillas Hidratantes: I<span style=\"font-weight: 400;\">ncorpora mascarillas hidratantes en tu rutina semanal para darle un extra de nutrici\u00f3n a tu piel.<\/span><\/p>\n<p>Aceites Naturales: <span style=\"font-weight: 400;\">Utiliza aceites naturales como el de jojoba o arg\u00e1n para mantener la piel suave y flexible.<\/span><\/p>\n<p>Evita el Exceso de Maquillaje: <span style=\"font-weight: 400;\">En verano, opta por un maquillaje ligero o prescinde de \u00e9l para permitir que la piel respire mejor.<\/span><\/p>\n<h2 class=\"western\" align=\"left\"><span style=\"font-weight: 400;\">Servicios Personalizados para tu Piel<\/span><\/h2>\n<p class=\"western\" align=\"left\"><span style=\"font-weight: 400;\">\u00bfQuieres un cuidado m\u00e1s personalizado? Te ofrezco la oportunidad de realizar un **estudio de la piel**, tanto presencial como online. Con esta evaluaci\u00f3n, podr\u00e9 identificar las necesidades espec\u00edficas de tu piel y recomendarte **mis cremas exclusivas** dise\u00f1adas para tratar tus problemas de piel particulares.<\/span><\/p>\n<h3 class=\"western\" align=\"left\"><span style=\"font-weight: 400;\">\u00a1Reserva tu Estudio de la Piel Hoy!<\/span><\/h3>\n<p class=\"western\" align=\"left\"><span style=\"font-weight: 400;\">No dejes que los desaf\u00edos del verano afecten la salud de tu piel. **<a href=\"https:\/\/www.todoenbelleza.es\/en\/pide-cita\/\">Reserva una consulta hoy mismo<\/a>** y recibe los consejos del cuidado de la piel en verano con Cuca Miquel y una rutina de cuidado personalizada junto con productos \u00fanicos y efectivos. Tu piel merece lo mejor, y estoy aqu\u00ed para ayudarte a lograrlo.<\/span><\/p>\n<p>[\/et_pb_text][\/et_pb_column][\/et_pb_row][et_pb_row _builder_version=&#8221;4.25.0&#8243; _module_preset=&#8221;default&#8221; global_colors_info=&#8221;{}&#8221; theme_builder_area=&#8221;post_content&#8221;][et_pb_column type=&#8221;4_4&#8243; _builder_version=&#8221;4.25.0&#8243; _module_preset=&#8221;default&#8221; global_colors_info=&#8221;{}&#8221; theme_builder_area=&#8221;post_content&#8221;][et_pb_contact_form submit_button_text=&#8221;Pedir cita&#8221; admin_label=&#8221;Formulario de contacto&#8221; _builder_version=&#8221;4.25.0&#8243; _module_preset=&#8221;default&#8221; _unique_id=&#8221;06fd20c1-bd44-420b-81bc-540236432626&#8243; global_colors_info=&#8221;{}&#8221; theme_builder_area=&#8221;post_content&#8221;][et_pb_contact_field field_id=&#8221;Name&#8221; field_title=&#8221;Nombre&#8221; _builder_version=&#8221;4.16&#8243; global_colors_info=&#8221;{}&#8221; button_text_size__hover_enabled=&#8221;off&#8221; button_one_text_size__hover_enabled=&#8221;off&#8221; button_two_text_size__hover_enabled=&#8221;off&#8221; button_text_color__hover_enabled=&#8221;off&#8221; button_one_text_color__hover_enabled=&#8221;off&#8221; button_two_text_color__hover_enabled=&#8221;off&#8221; button_border_width__hover_enabled=&#8221;off&#8221; button_one_border_width__hover_enabled=&#8221;off&#8221; button_two_border_width__hover_enabled=&#8221;off&#8221; button_border_color__hover_enabled=&#8221;off&#8221; button_one_border_color__hover_enabled=&#8221;off&#8221; button_two_border_color__hover_enabled=&#8221;off&#8221; button_border_radius__hover_enabled=&#8221;off&#8221; button_one_border_radius__hover_enabled=&#8221;off&#8221; button_two_border_radius__hover_enabled=&#8221;off&#8221; button_letter_spacing__hover_enabled=&#8221;off&#8221; button_one_letter_spacing__hover_enabled=&#8221;off&#8221; button_two_letter_spacing__hover_enabled=&#8221;off&#8221; button_bg_color__hover_enabled=&#8221;off&#8221; button_one_bg_color__hover_enabled=&#8221;off&#8221; button_two_bg_color__hover_enabled=&#8221;off&#8221; theme_builder_area=&#8221;post_content&#8221;][\/et_pb_contact_field][et_pb_contact_field field_id=&#8221;Email&#8221; field_title=&#8221;Direcci\u00f3n de correo electr\u00f3nico&#8221; field_type=&#8221;email&#8221; _builder_version=&#8221;4.16&#8243; global_colors_info=&#8221;{}&#8221; button_text_size__hover_enabled=&#8221;off&#8221; button_one_text_size__hover_enabled=&#8221;off&#8221; button_two_text_size__hover_enabled=&#8221;off&#8221; button_text_color__hover_enabled=&#8221;off&#8221; button_one_text_color__hover_enabled=&#8221;off&#8221; button_two_text_color__hover_enabled=&#8221;off&#8221; button_border_width__hover_enabled=&#8221;off&#8221; button_one_border_width__hover_enabled=&#8221;off&#8221; button_two_border_width__hover_enabled=&#8221;off&#8221; button_border_color__hover_enabled=&#8221;off&#8221; button_one_border_color__hover_enabled=&#8221;off&#8221; button_two_border_color__hover_enabled=&#8221;off&#8221; button_border_radius__hover_enabled=&#8221;off&#8221; button_one_border_radius__hover_enabled=&#8221;off&#8221; button_two_border_radius__hover_enabled=&#8221;off&#8221; button_letter_spacing__hover_enabled=&#8221;off&#8221; button_one_letter_spacing__hover_enabled=&#8221;off&#8221; button_two_letter_spacing__hover_enabled=&#8221;off&#8221; button_bg_color__hover_enabled=&#8221;off&#8221; button_one_bg_color__hover_enabled=&#8221;off&#8221; button_two_bg_color__hover_enabled=&#8221;off&#8221; theme_builder_area=&#8221;post_content&#8221;][\/et_pb_contact_field][et_pb_contact_field field_id=&#8221;Message&#8221; field_title=&#8221;Mensaje&#8221; field_type=&#8221;text&#8221; fullwidth_field=&#8221;on&#8221; _builder_version=&#8221;4.16&#8243; global_colors_info=&#8221;{}&#8221; button_text_size__hover_enabled=&#8221;off&#8221; button_one_text_size__hover_enabled=&#8221;off&#8221; button_two_text_size__hover_enabled=&#8221;off&#8221; button_text_color__hover_enabled=&#8221;off&#8221; button_one_text_color__hover_enabled=&#8221;off&#8221; button_two_text_color__hover_enabled=&#8221;off&#8221; button_border_width__hover_enabled=&#8221;off&#8221; button_one_border_width__hover_enabled=&#8221;off&#8221; button_two_border_width__hover_enabled=&#8221;off&#8221; button_border_color__hover_enabled=&#8221;off&#8221; button_one_border_color__hover_enabled=&#8221;off&#8221; button_two_border_color__hover_enabled=&#8221;off&#8221; button_border_radius__hover_enabled=&#8221;off&#8221; button_one_border_radius__hover_enabled=&#8221;off&#8221; button_two_border_radius__hover_enabled=&#8221;off&#8221; button_letter_spacing__hover_enabled=&#8221;off&#8221; button_one_letter_spacing__hover_enabled=&#8221;off&#8221; button_two_letter_spacing__hover_enabled=&#8221;off&#8221; button_bg_color__hover_enabled=&#8221;off&#8221; button_one_bg_color__hover_enabled=&#8221;off&#8221; button_two_bg_color__hover_enabled=&#8221;off&#8221; theme_builder_area=&#8221;post_content&#8221;][\/et_pb_contact_field][\/et_pb_contact_form][\/et_pb_column][\/et_pb_row][\/et_pb_section][et_pb_section fb_built=&#8221;1&#8243; _builder_version=&#8221;4.25.0&#8243; _module_preset=&#8221;default&#8221; da_disable_devices=&#8221;off|off|off&#8221; global_colors_info=&#8221;{}&#8221; theme_builder_area=&#8221;post_content&#8221; da_is_popup=&#8221;off&#8221; da_exit_intent=&#8221;off&#8221; da_has_close=&#8221;on&#8221; da_alt_close=&#8221;off&#8221; da_dark_close=&#8221;off&#8221; da_not_modal=&#8221;on&#8221; da_is_singular=&#8221;off&#8221; da_with_loader=&#8221;off&#8221; da_has_shadow=&#8221;on&#8221;][\/et_pb_section]<\/p>","protected":false},"excerpt":{"rendered":"<p>C\u00f3mo Preparar tu Piel para el Verano: Consejos de Cuca Miquel El verano trae consigo calor, humedad, salinidad y \u00e1caros de la arena, todos factores que pueden afectar negativamente la salud de tu piel. Para mantener una piel saludable y radiante, la experta en belleza Cuca Miquel nos comparte sus mejores consejos. Aqu\u00ed te mostramos [&hellip;]<\/p>","protected":false},"author":6,"featured_media":20831,"comment_status":"open","ping_status":"open","sticky":false,"template":"","format":"standard","meta":{"_et_pb_use_builder":"on","_et_pb_old_content":"<p class=\"western\" align=\"left\">El acn\u00e9 es una <b>afecci\u00f3n cut\u00e1nea muy com\u00fan<\/b> que afecta a personas de todas las edades, aunque lo tengamos m\u00e1s relacionado con la adolescencia. Muchas personas siguen luchando contra el acn\u00e9 en la edad adulta y en Todo en Belleza, como expertos en cosmetolog\u00eda y est\u00e9tica, entendemos que esto no solo genera preocupaci\u00f3n, sino que tambi\u00e9n repercute en nuestra seguridad y autoestima. Por eso queremos ense\u00f1arte que tipos de acn\u00e9 con m\u00e1s usuales y como se puede tratar cada uno.<\/p><h2 class=\"western\" align=\"left\">\u00bfQu\u00e9 es el acn\u00e9?<\/h2><p class=\"western\" align=\"left\">El acn\u00e9 es una enfermedad de la piel que ocurre cuando los <b>fol\u00edculos pilosos se obstruyen con sebo y c\u00e9lulas muertas<\/b> de la piel. Esto provoca la aparici\u00f3n de comedones, espinillas, p\u00fastulas y, en casos m\u00e1s graves, n\u00f3dulos o quistes.<\/p><p class=\"western\" align=\"left\">Existen tratamientos y se puede <span style=\"color: #000080;\"><span lang=\"zxx\"><u><a href=\"https:\/\/www.todoenbelleza.es\/es\/eliminar-el-acne\/\">eliminar el acn\u00e9<\/a><\/u><\/span><\/span>, pero para ello hay que conocer bien el tipo de acn\u00e9 que tenemos, y tambi\u00e9n cuidar nuestra rutina de skincare y alimentaci\u00f3n.<\/p><h2 class=\"western\" align=\"left\">Tipos de acn\u00e9<\/h2><p class=\"western\" align=\"left\">No todos los acn\u00e9s son iguales, existen diferentes tipos en funci\u00f3n de las causas y los s\u00edntomas que presenta la persona. A continuaci\u00f3n, los tipos de acn\u00e9 m\u00e1s comunes:<\/p><ol><li><p class=\"western\" align=\"left\"><b>Acn\u00e9 vulgaris<\/b><\/p><\/li><\/ol><p class=\"western\" align=\"left\">El acn\u00e9 vulgaris es el tipo m\u00e1s com\u00fan de acn\u00e9 y suele aparecer durante la adolescencia. Se caracteriza por la presencia de puntos negros y los t\u00edpicos granitos con pus o puntos blancos, as\u00ed como por la aparici\u00f3n de espinillas y otras p\u00fastulas.<\/p><ol start=\"2\"><li><p class=\"western\" align=\"left\"><b>Acn\u00e9 qu\u00edstico<\/b><\/p><\/li><\/ol><p class=\"western\" align=\"left\">El acn\u00e9 qu\u00edstico es una forma m\u00e1s grave de acn\u00e9 que se caracteriza por la aparici\u00f3n de n\u00f3dulos o quistes debajo de la piel. Estas lesiones son dolorosas y pueden dejar cicatrices permanentes si no se tratan adecuadamente.<\/p><ol start=\"3\"><li><p class=\"western\" align=\"left\"><b>Acn\u00e9 hormonal<\/b><\/p><\/li><\/ol><p class=\"western\" align=\"left\">El acn\u00e9 hormonal, como su nombre indica, est\u00e1 relacionado con cambios hormonales en el cuerpo. Afecta principalmente a las mujeres durante la adolescencia, el embarazo y la menopausia. Se caracteriza por la aparici\u00f3n de comedones, espinillas y p\u00fastulas en la zona de la mand\u00edbula, el ment\u00f3n y el cuello.<\/p><ol start=\"4\"><li><p class=\"western\" align=\"left\"><b>Acn\u00e9 neonatal<\/b><\/p><\/li><\/ol><p class=\"western\" align=\"left\">El acn\u00e9 neonatal es com\u00fan en los reci\u00e9n nacidos y se caracteriza por la aparici\u00f3n de peque\u00f1as espinillas y granos en la cara del beb\u00e9. Por lo general, desaparece por s\u00ed solo sin necesidad de tratamiento.<\/p><ol start=\"5\"><li><p class=\"western\" align=\"left\"><b>Acn\u00e9 cosm\u00e9tico<\/b><\/p><\/li><\/ol><p class=\"western\" align=\"left\">El acn\u00e9 cosm\u00e9tico es causado por el uso de productos de belleza comedog\u00e9nicos, es decir, aquellos que obstruyen los poros. Es importante elegir productos adecuados seg\u00fan el tipo de piel, por eso te recomendamos hacerte un <span style=\"color: #000080;\"><span lang=\"zxx\"><u><a href=\"https:\/\/www.todoenbelleza.es\/estudio-de-la-piel-online\/\">diagn\u00f3stico de la piel<\/a><\/u><\/span><\/span> antes de tratarte de tu problema de acn\u00e9.<\/p>[caption id=\"attachment_20408\" align=\"aligncenter\" width=\"291\"]<img class=\"wp-image-20408\" src=\"https:\/\/www.todoenbelleza.es\/wp-content\/uploads\/2023\/11\/mujer-acne-1-Personalizado.jpg\" alt=\"Mujer con acn\u00e9 en la cara\" width=\"291\" height=\"437\" \/> El acn\u00e9 vulgaris es uno de los tipos de acn\u00e9 m\u00e1s comunes, y adem\u00e1s pasamos casi todos por el durante la adolescencia.[\/caption]<h2 class=\"western\" align=\"left\">Tratamiento para el acn\u00e9<\/h2><p class=\"western\" align=\"left\">El tratamiento adecuado para el acn\u00e9 depender\u00e1 del tipo y la gravedad de la afecci\u00f3n. A continuaci\u00f3n, te mencionaremos algunos enfoques comunes para tratar el acn\u00e9:<\/p><ul><li><p class=\"western\" align=\"left\"><b>Cuidado diario de la piel<\/b>: Es fundamental mantener una rutina de cuidado diario de la piel para prevenir y tratar el acn\u00e9, aunque lleva a cabo cualquier de los otros tratamiento que recogemos m\u00e1s abajo. Esto incluye limpiar la piel suavemente dos veces al d\u00eda, utilizar productos adecuados a nuestro tipo de piel, y aplicar cremas o geles espec\u00edficos para el acn\u00e9.<\/p><\/li><li><p class=\"western\" align=\"left\"><b>Medicamentos t\u00f3picos<\/b>: Los medicamentos t\u00f3picos, como los retinoides y los per\u00f3xidos de benzoilo, son efectivos para tratar el acn\u00e9 leve a moderado. Estos medicamentos ayudan a reducir la inflamaci\u00f3n, destapar los poros obstruidos y eliminar las bacterias causantes del acn\u00e9.<\/p><\/li><li><p class=\"western\" align=\"left\"><b>Antibi\u00f3ticos sist\u00e9micos<\/b>: En casos de acn\u00e9 m\u00e1s severo, los m\u00e9dicos pueden recetar antibi\u00f3ticos orales para combatir la infecci\u00f3n bacteriana asociada con el acn\u00e9. Estos medicamentos reducen la inflamaci\u00f3n y ayudan a prevenir la formaci\u00f3n de cicatrices, pero son bastante fuertes para el cuerpo y no es recomendable tomarlos durante mucho tiempo.<\/p><\/li><li><p class=\"western\" align=\"left\"><b>Terapia hormonal<\/b>: En mujeres con acn\u00e9 hormonal, los anticonceptivos orales pueden ser una opci\u00f3n de tratamiento efectiva. Estos regulan los niveles hormonales y reducen la producci\u00f3n de sebo, ayudando a controlar el acn\u00e9.<\/p><\/li><li><p class=\"western\" align=\"left\"><b>Procedimientos dermatol\u00f3gicos<\/b>: En casos de acn\u00e9 resistente a otros tratamientos, los procedimientos dermatol\u00f3gicos pueden ser recomendados. Estos incluyen tratamientos con l\u00e1ser, peelings qu\u00edmicos y extracci\u00f3n de comedones.<\/p><\/li><\/ul>[caption id=\"attachment_20404\" align=\"aligncenter\" width=\"354\"]<img class=\"wp-image-20404\" src=\"https:\/\/www.todoenbelleza.es\/wp-content\/uploads\/2023\/11\/acne-vulgar-1.jpg\" alt=\"Mujer con acn\u00e9 en la cara\" width=\"354\" height=\"531\" \/> No todos los tratamientos funcionan igual en todas las pieles. Es siempre necesario dejarse aconsejar por expertos y seguir las indicaciones adecuadas.[\/caption]<h3 class=\"western\" align=\"left\">Las recomendaciones de los expertos seg\u00fan el tipo de acn\u00e9<\/h3><p class=\"western\" align=\"left\">En Todo en Belleza, nos preocupamos por tu bienestar y entendemos la importancia de contar con un tratamiento efectivo para el acn\u00e9. Conociendo los diferentes tipos de acn\u00e9 y las opciones de tratamiento disponibles, nuestros expertos en cosmetolog\u00eda, de la mano de Cuca Miquel, han elaborado <span style=\"color: #000080;\"><span lang=\"zxx\"><u><a href=\"https:\/\/www.todoenbelleza.es\/es\/product-category\/cremas-de-dia-day-creams\/\">cremas para tratar el acn\u00e9<\/a><\/u><\/span><\/span> que ayudan a eliminar los granos, puntos negros y otros problemas derivados de esta condici\u00f3n. No dudes en <span style=\"color: #000080;\"><span lang=\"zxx\"><u><a href=\"https:\/\/www.todoenbelleza.es\/es\/pide-cita\/\">contactarnos o pedir cita<\/a><\/u><\/span><\/span> para visitarnos en Madrid y encontrar el tratamiento adecuado.<\/p><p class=\"western\" align=\"left\">El acn\u00e9 no tiene por qu\u00e9 ser una preocupaci\u00f3n constante en tu vida. Con el tratamiento adecuado y el cuidado apropiado de la piel, puedes lograr una piel m\u00e1s saludable y libre de acn\u00e9. Conf\u00eda en Todo en Belleza, donde <b>la belleza y la salud de tu piel son nuestra prioridad<\/b>.<\/p>","_et_gb_content_width":"","_joinchat":[]},"categories":[138,1],"tags":[739],"yoast_head":"<!-- This site is optimized with the Yoast SEO plugin v20.10 - https:\/\/yoast.com\/wordpress\/plugins\/seo\/ -->\n<title>Cuidado de la piel en verano con Cuca Miquel<\/title>\n<meta name=\"description\" content=\"Descubre los mejores consejos de Cuca Miquel para cuidar tu piel en verano. Protecci\u00f3n solar, hidrataci\u00f3n y alimentaci\u00f3n.\" \/>\n<meta name=\"robots\" content=\"index, follow, max-snippet:-1, max-image-preview:large, max-video-preview:-1\" \/>\n<link rel=\"canonical\" href=\"https:\/\/www.todoenbelleza.es\/en\/blog-consejos-piel-verano\/\" \/>\n<meta property=\"og:locale\" content=\"en_GB\" \/>\n<meta property=\"og:type\" content=\"article\" \/>\n<meta property=\"og:title\" content=\"Cuidado de la piel en verano con Cuca Miquel\" \/>\n<meta property=\"og:description\" content=\"Descubre los mejores consejos de Cuca Miquel para cuidar tu piel en verano. Protecci\u00f3n solar, hidrataci\u00f3n y alimentaci\u00f3n.\" \/>\n<meta property=\"og:url\" content=\"https:\/\/www.todoenbelleza.es\/en\/blog-consejos-piel-verano\/\" \/>\n<meta property=\"og:site_name\" content=\"Todo en Belleza con Cuca Miquel\" \/>\n<meta property=\"article:publisher\" content=\"https:\/\/www.facebook.com\/www.todoenbelleza.es\/\" \/>\n<meta property=\"article:published_time\" content=\"2024-07-19T13:10:14+00:00\" \/>\n<meta property=\"article:modified_time\" content=\"2024-07-19T14:58:50+00:00\" \/>\n<meta property=\"og:image\" content=\"https:\/\/www.todoenbelleza.es\/wp-content\/uploads\/2024\/07\/close-up-of-young-woman-spraying-sun-cream-on-her-royalty-free-image-1720612351.jpg\" \/>\n\t<meta property=\"og:image:width\" content=\"360\" \/>\n\t<meta property=\"og:image:height\" content=\"359\" \/>\n\t<meta property=\"og:image:type\" content=\"image\/jpeg\" \/>\n<meta name=\"author\" content=\"martineznotte\" \/>\n<meta name=\"twitter:card\" content=\"summary_large_image\" \/>\n<meta name=\"twitter:creator\" content=\"@todoenbelleza1\" \/>\n<meta name=\"twitter:site\" content=\"@todoenbelleza1\" \/>\n<meta name=\"twitter:label1\" content=\"Written by\" \/>\n\t<meta name=\"twitter:data1\" content=\"martineznotte\" \/>\n\t<meta name=\"twitter:label2\" content=\"Estimated reading time\" \/>\n\t<meta name=\"twitter:data2\" content=\"5 minutes\" \/>\n<!-- \/ Yoast SEO plugin. -->","yoast_head_json":{"title":"Cuidado de la piel en verano con Cuca Miquel","description":"Descubre los mejores consejos de Cuca Miquel para cuidar tu piel en verano. Protecci\u00f3n solar, hidrataci\u00f3n y alimentaci\u00f3n.","robots":{"index":"index","follow":"follow","max-snippet":"max-snippet:-1","max-image-preview":"max-image-preview:large","max-video-preview":"max-video-preview:-1"},"canonical":"https:\/\/www.todoenbelleza.es\/en\/blog-consejos-piel-verano\/","og_locale":"en_GB","og_type":"article","og_title":"Cuidado de la piel en verano con Cuca Miquel","og_description":"Descubre los mejores consejos de Cuca Miquel para cuidar tu piel en verano. Protecci\u00f3n solar, hidrataci\u00f3n y alimentaci\u00f3n.","og_url":"https:\/\/www.todoenbelleza.es\/en\/blog-consejos-piel-verano\/","og_site_name":"Todo en Belleza con Cuca Miquel","article_publisher":"https:\/\/www.facebook.com\/www.todoenbelleza.es\/","article_published_time":"2024-07-19T13:10:14+00:00","article_modified_time":"2024-07-19T14:58:50+00:00","og_image":[{"width":360,"height":359,"url":"https:\/\/www.todoenbelleza.es\/wp-content\/uploads\/2024\/07\/close-up-of-young-woman-spraying-sun-cream-on-her-royalty-free-image-1720612351.jpg","type":"image\/jpeg"}],"author":"martineznotte","twitter_card":"summary_large_image","twitter_creator":"@todoenbelleza1","twitter_site":"@todoenbelleza1","twitter_misc":{"Written by":"martineznotte","Estimated reading time":"5 minutes"},"schema":{"@context":"https:\/\/schema.org","@graph":[{"@type":"Article","@id":"https:\/\/www.todoenbelleza.es\/blog-consejos-piel-verano\/#article","isPartOf":{"@id":"https:\/\/www.todoenbelleza.es\/blog-consejos-piel-verano\/"},"author":{"name":"martineznotte","@id":"https:\/\/www.todoenbelleza.es\/#\/schema\/person\/abac12bffb0b09e7810236e81500fc17"},"headline":"C\u00f3mo Preparar tu Piel para el Verano: Consejos de Cuca Miquel","datePublished":"2024-07-19T13:10:14+00:00","dateModified":"2024-07-19T14:58:50+00:00","mainEntityOfPage":{"@id":"https:\/\/www.todoenbelleza.es\/blog-consejos-piel-verano\/"},"wordCount":1511,"commentCount":0,"publisher":{"@id":"https:\/\/www.todoenbelleza.es\/#organization"},"keywords":["tipo de piel"],"articleSection":["Prensa y colaboraciones","Uncategorized"],"inLanguage":"en-GB","potentialAction":[{"@type":"CommentAction","name":"Comment","target":["https:\/\/www.todoenbelleza.es\/blog-consejos-piel-verano\/#respond"]}]},{"@type":"WebPage","@id":"https:\/\/www.todoenbelleza.es\/blog-consejos-piel-verano\/","url":"https:\/\/www.todoenbelleza.es\/blog-consejos-piel-verano\/","name":"Cuidado de la piel en verano con Cuca Miquel","isPartOf":{"@id":"https:\/\/www.todoenbelleza.es\/#website"},"datePublished":"2024-07-19T13:10:14+00:00","dateModified":"2024-07-19T14:58:50+00:00","description":"Descubre los mejores consejos de Cuca Miquel para cuidar tu piel en verano. Protecci\u00f3n solar, hidrataci\u00f3n y alimentaci\u00f3n.","breadcrumb":{"@id":"https:\/\/www.todoenbelleza.es\/blog-consejos-piel-verano\/#breadcrumb"},"inLanguage":"en-GB","potentialAction":[{"@type":"ReadAction","target":["https:\/\/www.todoenbelleza.es\/blog-consejos-piel-verano\/"]}]},{"@type":"BreadcrumbList","@id":"https:\/\/www.todoenbelleza.es\/blog-consejos-piel-verano\/#breadcrumb","itemListElement":[{"@type":"ListItem","position":1,"name":"Portada","item":"https:\/\/www.todoenbelleza.es\/"},{"@type":"ListItem","position":2,"name":"C\u00f3mo Preparar tu Piel para el Verano: Consejos de Cuca Miquel"}]},{"@type":"WebSite","@id":"https:\/\/www.todoenbelleza.es\/#website","url":"https:\/\/www.todoenbelleza.es\/","name":"Todo en Belleza con Cuca Miquel","description":"Centro de belleza y medicina est\u00e9tica en Madrid","publisher":{"@id":"https:\/\/www.todoenbelleza.es\/#organization"},"potentialAction":[{"@type":"SearchAction","target":{"@type":"EntryPoint","urlTemplate":"https:\/\/www.todoenbelleza.es\/?s={search_term_string}"},"query-input":"required name=search_term_string"}],"inLanguage":"en-GB"},{"@type":"Organization","@id":"https:\/\/www.todoenbelleza.es\/#organization","name":"Todo en Belleza con Cuca Miquel","url":"https:\/\/www.todoenbelleza.es\/","logo":{"@type":"ImageObject","inLanguage":"en-GB","@id":"https:\/\/www.todoenbelleza.es\/#\/schema\/logo\/image\/","url":"https:\/\/www.todoenbelleza.es\/wp-content\/uploads\/2023\/02\/logocabecera.png","contentUrl":"https:\/\/www.todoenbelleza.es\/wp-content\/uploads\/2023\/02\/logocabecera.png","width":311,"height":60,"caption":"Todo en Belleza con Cuca Miquel"},"image":{"@id":"https:\/\/www.todoenbelleza.es\/#\/schema\/logo\/image\/"},"sameAs":["https:\/\/www.facebook.com\/www.todoenbelleza.es\/","https:\/\/twitter.com\/todoenbelleza1","https:\/\/www.instagram.com\/todo.en.belleza_cucamiquel\/"]},{"@type":"Person","@id":"https:\/\/www.todoenbelleza.es\/#\/schema\/person\/abac12bffb0b09e7810236e81500fc17","name":"martineznotte","image":{"@type":"ImageObject","inLanguage":"en-GB","@id":"https:\/\/www.todoenbelleza.es\/#\/schema\/person\/image\/","url":"https:\/\/www.todoenbelleza.es\/wp-content\/uploads\/2022\/05\/icono-100x100.png","contentUrl":"https:\/\/www.todoenbelleza.es\/wp-content\/uploads\/2022\/05\/icono-100x100.png","caption":"martineznotte"}}]}},"_links":{"self":[{"href":"https:\/\/www.todoenbelleza.es\/en\/wp-json\/wp\/v2\/posts\/20762"}],"collection":[{"href":"https:\/\/www.todoenbelleza.es\/en\/wp-json\/wp\/v2\/posts"}],"about":[{"href":"https:\/\/www.todoenbelleza.es\/en\/wp-json\/wp\/v2\/types\/post"}],"author":[{"embeddable":true,"href":"https:\/\/www.todoenbelleza.es\/en\/wp-json\/wp\/v2\/users\/6"}],"replies":[{"embeddable":true,"href":"https:\/\/www.todoenbelleza.es\/en\/wp-json\/wp\/v2\/comments?post=20762"}],"version-history":[{"count":0,"href":"https:\/\/www.todoenbelleza.es\/en\/wp-json\/wp\/v2\/posts\/20762\/revisions"}],"wp:featuredmedia":[{"embeddable":true,"href":"https:\/\/www.todoenbelleza.es\/en\/wp-json\/wp\/v2\/media\/20831"}],"wp:attachment":[{"href":"https:\/\/www.todoenbelleza.es\/en\/wp-json\/wp\/v2\/media?parent=20762"}],"wp:term":[{"taxonomy":"category","embeddable":true,"href":"https:\/\/www.todoenbelleza.es\/en\/wp-json\/wp\/v2\/categories?post=20762"},{"taxonomy":"post_tag","embeddable":true,"href":"https:\/\/www.todoenbelleza.es\/en\/wp-json\/wp\/v2\/tags?post=20762"}],"curies":[{"name":"wp","href":"https:\/\/api.w.org\/{rel}","templated":true}]}}