{"id":19392,"date":"2023-07-01T12:05:57","date_gmt":"2023-07-01T12:05:57","guid":{"rendered":"https:\/\/www.todoenbelleza.es\/?p=19392"},"modified":"2023-08-08T09:15:38","modified_gmt":"2023-08-08T09:15:38","slug":"consejos-prevenir-arrugas-cuello","status":"publish","type":"post","link":"https:\/\/www.todoenbelleza.es\/en\/consejos-prevenir-arrugas-cuello\/","title":{"rendered":"Consejos para prevenir la aparici\u00f3n de arrugas en el cuello"},"content":{"rendered":"<p align=\"left\">\u00a1Bienvenida a Todo en Belleza, el centro est\u00e9tico donde nos preocupamos por tu bienestar y apariencia! En este art\u00edculo, te daremos soluciones reales para prevenir la aparici\u00f3n de arrugas en el cuello.<\/p>\n<p align=\"left\">Sabemos que tener una <b>piel radiante y joven<\/b> no es f\u00e1cil, as\u00ed que hemos recopilado valiosos consejos y nuestra experiencia y conocimiento, para que puedas lucir un cuello impecable. Las arrugas en el cuello son algo muy com\u00fan a medida que vamos cumpliendo a\u00f1os, especialmente entre las mujeres, pero existen algunas formas de prevenirlas y tratarlas.<\/p>\n<h2 align=\"left\">\u00bfPor qu\u00e9 se producen las arrugas en el cuello?<\/h2>\n<p align=\"left\">El primer paso para comprender c\u00f3mo evitar las arrugas en el cuello, es entender por qu\u00e9 se producen. Las arrugas, tanto en cuello como en la cara o el escote, son el resultado del envejecimiento natural de la piel y la p\u00e9rdida de elasticidad a consecuencia de esto. A medida que envejecemos, la <b>producci\u00f3n de col\u00e1geno y elastina<\/b> en nuestra piel disminuye, lo que lleva a una p\u00e9rdida de la firmeza y con ella aparecen las temidas arrugas.<\/p>\n<p align=\"left\">Adem\u00e1s del proceso de envejecimiento, que es menos controlable, existen otros <b>factores que contribuyen a la aparici\u00f3n de arrugas<\/b> en el cuello que si podemos evitar. Exponer la piel al sol sin protecci\u00f3n durante ratos largos, puede generar un envejecimiento prematuro de la piel, adem\u00e1s de otros problemas en la piel. ,<\/p>\n<p align=\"left\">H\u00e1bitos da\u00f1inos como fumar, no hidratarse lo suficiente, o estar sometido a mucho estr\u00e9s, afectan mucho en la aparici\u00f3n de arrugas en el cuello.<\/p>\n<h2 align=\"left\">\u00bfC\u00f3mo podemos prevenir las arrugas del cuello?<\/h2>\n<p align=\"left\">No podemos evitar por completo la aparici\u00f3n de arrugas en el cuello, sin embargo, s\u00ed que podemos hacer algunas acciones que har\u00e1n que est\u00e1s tarden m\u00e1s en aparecer, se disipen y sean menos pronunciadas:<\/p>\n<ul>\n<li><b>No tomes el sol sin protecci\u00f3n<\/b>: El sol es uno de los principales culpables de las arrugas en el cuello y del envejecimiento prematuro de algunas pieles. Tienes que utilizar siempre protector solar con un factor de protecci\u00f3n adecuado para tu tipo de piel. Si trabajas al aire libre o en una zona donde est\u00e1s expuesta al sol, lo mejor es usar prendas que tapen esa zona, como un pa\u00f1uelo.<\/li>\n<\/ul>\n<ul>\n<li><b>Cremas y tratamientos para mantener hidratada la zona<\/b>: Mantener tu piel hidratada es fundamental para prevenir las arrugas en el cuello. Utiliza cremas hidratantes como las cremas de Cuca Miguel, que te ayudar\u00e1n a mantener la humedad en tu piel y evitar la p\u00e9rdida de elasticidad.<\/li>\n<\/ul>\n<ul>\n<li><b>Cuida tu postura<\/b>: Si est\u00e1s todo el rato mirando hacia abajo, es m\u00e1s probable que te salga arrugas en el cuello antes. Es algo que hacemos mucho cuando miramos el m\u00f3vil. Mant\u00e9n una postura erguida y consciente para reducir la tensi\u00f3n en los m\u00fasculos del cuello.<\/li>\n<\/ul>\n<ul>\n<li><b>Masajes faciales y ejercicios<\/b>: Los masajes faciales y los ejercicios espec\u00edficos para el cuello pueden ayudar a tonificar los m\u00fasculos y mejorar la circulaci\u00f3n sangu\u00ednea.<\/li>\n<\/ul>\n<ul>\n<li><b>Evita fumar<\/b>: El tabaquismo es perjudicial para la salud en general, pero en este caso en particular, hace que tu piel se vea peor y est\u00e9 menos sana. Fumar disminuye la producci\u00f3n de col\u00e1geno, lo que puede acelerar la formaci\u00f3n de arrugas en el cuello, y en todo el cuerpo.<\/li>\n<\/ul>\n<ul>\n<li><b>Alimentaci\u00f3n saludable<\/b>: Una piel sana no solo se nutre de las cremas y tratamientos, tambi\u00e9n de lo que comemos, por eso para mantener la salud de tu piel, es fundamental que tomes alimentos antioxidantes y libres de qu\u00edmicos y otros productos que no son buenos para la salud.<\/li>\n<\/ul>\n<ul>\n<li><b>Duerme lo suficiente<\/b>: El descanso adecuado es esencial para una piel sana. Durante el sue\u00f1o, la piel se regenera y repara. Intenta dormir al menos 7-8 horas cada noche para permitir que tu piel se recupere y mantenga su aspecto joven.<\/li>\n<\/ul>\n<div id=\"attachment_19409\" style=\"width: 841px\" class=\"wp-caption aligncenter\"><img decoding=\"async\" loading=\"lazy\" aria-describedby=\"caption-attachment-19409\" class=\"wp-image-19409\" src=\"https:\/\/www.todoenbelleza.es\/wp-content\/uploads\/2023\/06\/arrugas-cuello-tratamiento-1.jpg\" alt=\"Mujer joven mostrando su cuello sin arrugas\" width=\"831\" height=\"587\" \/><p id=\"caption-attachment-19409\" class=\"wp-caption-text\">Prevenir la aparici\u00f3n de arrugas en el cuello es fundamental porque una vez las tenemos es m\u00e1s complicado tratarlas.<\/p><\/div>\n<h3 align=\"left\">Tratar las arrugas en el cuello<\/h3>\n<p align=\"left\">En Todo en Belleza, nos preocupamos por tu bienestar y queremos brindarte soluciones reales para evitar las arrugas en el cuello. A trav\u00e9s de estos consejos pr\u00e1cticos, y de <a href=\"https:\/\/www.todoenbelleza.es\/en\/tratamientos-faciales\/\">nuestros tratamientos faciales y cremas<\/a>, puedes mantener tu piel radiante y joven por m\u00e1s tiempo. Recuerda proteger tu piel del sol, hidratarla adecuadamente, cuidar tu postura, realizar masajes y ejercicios faciales, evitar fumar, tener una alimentaci\u00f3n saludable y descansar lo suficiente. \u00a1Tu piel te lo agradecer\u00e1!<\/p>\n<p align=\"left\">Esperamos que este art\u00edculo haya sido \u00fatil y que lo apliques en tu rutina diaria. Recuerda que <b>siempre estamos aqu\u00ed para ayudarte<\/b> con todos tus cuidados est\u00e9ticos. \u00a1No dudes en visitarnos en Todo en Belleza y descubrir m\u00e1s consejos y tratamientos para realzar tu belleza natural!<\/p>","protected":false},"excerpt":{"rendered":"<p>\u00a1Bienvenida a Todo en Belleza, el centro est\u00e9tico donde nos preocupamos por tu bienestar y apariencia! En este art\u00edculo, te daremos soluciones reales para prevenir la aparici\u00f3n de arrugas en el cuello. Sabemos que tener una piel radiante y joven no es f\u00e1cil, as\u00ed que hemos recopilado valiosos consejos y nuestra experiencia y conocimiento, para [&hellip;]<\/p>","protected":false},"author":3,"featured_media":19395,"comment_status":"open","ping_status":"open","sticky":false,"template":"","format":"standard","meta":{"_et_pb_use_builder":"","_et_pb_old_content":"","_et_gb_content_width":"","_joinchat":[]},"categories":[724,689],"tags":[725,726,728,739,727],"yoast_head":"<!-- This site is optimized with the Yoast SEO plugin v20.10 - https:\/\/yoast.com\/wordpress\/plugins\/seo\/ -->\n<title>Consejos para una piel sin arrugas en el cuello - Todo en Belleza<\/title>\n<meta name=\"description\" content=\"Descubre c\u00f3mo prevenir la aparici\u00f3n de arrugas en el cuello con nuestros consejos y algunos cambios en tus h\u00e1bitos. Te ayudamos a tratarlas.\" \/>\n<meta name=\"robots\" content=\"index, follow, max-snippet:-1, max-image-preview:large, max-video-preview:-1\" \/>\n<link rel=\"canonical\" href=\"https:\/\/www.todoenbelleza.es\/en\/consejos-prevenir-arrugas-cuello\/\" \/>\n<meta property=\"og:locale\" content=\"en_GB\" \/>\n<meta property=\"og:type\" content=\"article\" \/>\n<meta property=\"og:title\" content=\"Consejos para una piel sin arrugas en el cuello - Todo en Belleza\" \/>\n<meta property=\"og:description\" content=\"Descubre c\u00f3mo prevenir la aparici\u00f3n de arrugas en el cuello con nuestros consejos y algunos cambios en tus h\u00e1bitos. Te ayudamos a tratarlas.\" \/>\n<meta property=\"og:url\" content=\"https:\/\/www.todoenbelleza.es\/en\/consejos-prevenir-arrugas-cuello\/\" \/>\n<meta property=\"og:site_name\" content=\"Todo en Belleza con Cuca Miquel\" \/>\n<meta property=\"article:publisher\" content=\"https:\/\/www.facebook.com\/www.todoenbelleza.es\/\" \/>\n<meta property=\"article:published_time\" content=\"2023-07-01T12:05:57+00:00\" \/>\n<meta property=\"article:modified_time\" content=\"2023-08-08T09:15:38+00:00\" \/>\n<meta property=\"og:image\" content=\"https:\/\/www.todoenbelleza.es\/wp-content\/uploads\/2023\/06\/prevenir-arrugas_cuello.jpg\" \/>\n\t<meta property=\"og:image:width\" content=\"1200\" \/>\n\t<meta property=\"og:image:height\" content=\"800\" \/>\n\t<meta property=\"og:image:type\" content=\"image\/jpeg\" \/>\n<meta name=\"author\" content=\"Cuca Miquel\" \/>\n<meta name=\"twitter:card\" content=\"summary_large_image\" \/>\n<meta name=\"twitter:creator\" content=\"@todoenbelleza1\" \/>\n<meta name=\"twitter:site\" content=\"@todoenbelleza1\" \/>\n<meta name=\"twitter:label1\" content=\"Written by\" \/>\n\t<meta name=\"twitter:data1\" content=\"Cuca Miquel\" \/>\n\t<meta name=\"twitter:label2\" content=\"Estimated reading time\" \/>\n\t<meta name=\"twitter:data2\" content=\"4 minutes\" \/>\n<!-- \/ Yoast SEO plugin. -->","yoast_head_json":{"title":"Consejos para una piel sin arrugas en el cuello - Todo en Belleza","description":"Descubre c\u00f3mo prevenir la aparici\u00f3n de arrugas en el cuello con nuestros consejos y algunos cambios en tus h\u00e1bitos. Te ayudamos a tratarlas.","robots":{"index":"index","follow":"follow","max-snippet":"max-snippet:-1","max-image-preview":"max-image-preview:large","max-video-preview":"max-video-preview:-1"},"canonical":"https:\/\/www.todoenbelleza.es\/en\/consejos-prevenir-arrugas-cuello\/","og_locale":"en_GB","og_type":"article","og_title":"Consejos para una piel sin arrugas en el cuello - Todo en Belleza","og_description":"Descubre c\u00f3mo prevenir la aparici\u00f3n de arrugas en el cuello con nuestros consejos y algunos cambios en tus h\u00e1bitos. Te ayudamos a tratarlas.","og_url":"https:\/\/www.todoenbelleza.es\/en\/consejos-prevenir-arrugas-cuello\/","og_site_name":"Todo en Belleza con Cuca Miquel","article_publisher":"https:\/\/www.facebook.com\/www.todoenbelleza.es\/","article_published_time":"2023-07-01T12:05:57+00:00","article_modified_time":"2023-08-08T09:15:38+00:00","og_image":[{"width":1200,"height":800,"url":"https:\/\/www.todoenbelleza.es\/wp-content\/uploads\/2023\/06\/prevenir-arrugas_cuello.jpg","type":"image\/jpeg"}],"author":"Cuca Miquel","twitter_card":"summary_large_image","twitter_creator":"@todoenbelleza1","twitter_site":"@todoenbelleza1","twitter_misc":{"Written by":"Cuca Miquel","Estimated reading time":"4 minutes"},"schema":{"@context":"https:\/\/schema.org","@graph":[{"@type":"Article","@id":"https:\/\/www.todoenbelleza.es\/consejos-prevenir-arrugas-cuello\/#article","isPartOf":{"@id":"https:\/\/www.todoenbelleza.es\/consejos-prevenir-arrugas-cuello\/"},"author":{"name":"Cuca Miquel","@id":"https:\/\/www.todoenbelleza.es\/#\/schema\/person\/fae9b2b97a472cb884ad9155d65b8465"},"headline":"Consejos para prevenir la aparici\u00f3n de arrugas en el cuello","datePublished":"2023-07-01T12:05:57+00:00","dateModified":"2023-08-08T09:15:38+00:00","mainEntityOfPage":{"@id":"https:\/\/www.todoenbelleza.es\/consejos-prevenir-arrugas-cuello\/"},"wordCount":837,"commentCount":0,"publisher":{"@id":"https:\/\/www.todoenbelleza.es\/#organization"},"keywords":["arrugas","arrugasenelcuello","prevenirarrugascuello","tipo de piel","tratamientoarrugascuello"],"articleSection":["Arrugas","Destacados"],"inLanguage":"en-GB","potentialAction":[{"@type":"CommentAction","name":"Comment","target":["https:\/\/www.todoenbelleza.es\/consejos-prevenir-arrugas-cuello\/#respond"]}]},{"@type":"WebPage","@id":"https:\/\/www.todoenbelleza.es\/consejos-prevenir-arrugas-cuello\/","url":"https:\/\/www.todoenbelleza.es\/consejos-prevenir-arrugas-cuello\/","name":"Consejos para una piel sin arrugas en el cuello - Todo en Belleza","isPartOf":{"@id":"https:\/\/www.todoenbelleza.es\/#website"},"datePublished":"2023-07-01T12:05:57+00:00","dateModified":"2023-08-08T09:15:38+00:00","description":"Descubre c\u00f3mo prevenir la aparici\u00f3n de arrugas en el cuello con nuestros consejos y algunos cambios en tus h\u00e1bitos. Te ayudamos a tratarlas.","breadcrumb":{"@id":"https:\/\/www.todoenbelleza.es\/consejos-prevenir-arrugas-cuello\/#breadcrumb"},"inLanguage":"en-GB","potentialAction":[{"@type":"ReadAction","target":["https:\/\/www.todoenbelleza.es\/consejos-prevenir-arrugas-cuello\/"]}]},{"@type":"BreadcrumbList","@id":"https:\/\/www.todoenbelleza.es\/consejos-prevenir-arrugas-cuello\/#breadcrumb","itemListElement":[{"@type":"ListItem","position":1,"name":"Portada","item":"https:\/\/www.todoenbelleza.es\/"},{"@type":"ListItem","position":2,"name":"Consejos para prevenir la aparici\u00f3n de arrugas en el cuello"}]},{"@type":"WebSite","@id":"https:\/\/www.todoenbelleza.es\/#website","url":"https:\/\/www.todoenbelleza.es\/","name":"Todo en Belleza con Cuca Miquel","description":"Centro de belleza y medicina est\u00e9tica en Madrid","publisher":{"@id":"https:\/\/www.todoenbelleza.es\/#organization"},"potentialAction":[{"@type":"SearchAction","target":{"@type":"EntryPoint","urlTemplate":"https:\/\/www.todoenbelleza.es\/?s={search_term_string}"},"query-input":"required name=search_term_string"}],"inLanguage":"en-GB"},{"@type":"Organization","@id":"https:\/\/www.todoenbelleza.es\/#organization","name":"Todo en Belleza con Cuca Miquel","url":"https:\/\/www.todoenbelleza.es\/","logo":{"@type":"ImageObject","inLanguage":"en-GB","@id":"https:\/\/www.todoenbelleza.es\/#\/schema\/logo\/image\/","url":"https:\/\/www.todoenbelleza.es\/wp-content\/uploads\/2023\/02\/logocabecera.png","contentUrl":"https:\/\/www.todoenbelleza.es\/wp-content\/uploads\/2023\/02\/logocabecera.png","width":311,"height":60,"caption":"Todo en Belleza con Cuca Miquel"},"image":{"@id":"https:\/\/www.todoenbelleza.es\/#\/schema\/logo\/image\/"},"sameAs":["https:\/\/www.facebook.com\/www.todoenbelleza.es\/","https:\/\/twitter.com\/todoenbelleza1","https:\/\/www.instagram.com\/todo.en.belleza_cucamiquel\/"]},{"@type":"Person","@id":"https:\/\/www.todoenbelleza.es\/#\/schema\/person\/fae9b2b97a472cb884ad9155d65b8465","name":"Cuca Miquel","image":{"@type":"ImageObject","inLanguage":"en-GB","@id":"https:\/\/www.todoenbelleza.es\/#\/schema\/person\/image\/","url":"https:\/\/www.todoenbelleza.es\/wp-content\/uploads\/2023\/02\/cuca_cremas_2.jpg","contentUrl":"https:\/\/www.todoenbelleza.es\/wp-content\/uploads\/2023\/02\/cuca_cremas_2.jpg","caption":"Cuca Miquel"},"description":"Master en Formulaci\u00f3n Cosm\u00e9tica, Experta Universitaria en Cosm\u00e9tica y Dermofarmacia, Experta Universitaria en Microbiota de la Piel, Master en Imagen Personal, Master ADE, Licenciada en Derecho. Especialista en acn\u00e9, ros\u00e1cea y envejecimiento."}]}},"_links":{"self":[{"href":"https:\/\/www.todoenbelleza.es\/en\/wp-json\/wp\/v2\/posts\/19392"}],"collection":[{"href":"https:\/\/www.todoenbelleza.es\/en\/wp-json\/wp\/v2\/posts"}],"about":[{"href":"https:\/\/www.todoenbelleza.es\/en\/wp-json\/wp\/v2\/types\/post"}],"author":[{"embeddable":true,"href":"https:\/\/www.todoenbelleza.es\/en\/wp-json\/wp\/v2\/users\/3"}],"replies":[{"embeddable":true,"href":"https:\/\/www.todoenbelleza.es\/en\/wp-json\/wp\/v2\/comments?post=19392"}],"version-history":[{"count":0,"href":"https:\/\/www.todoenbelleza.es\/en\/wp-json\/wp\/v2\/posts\/19392\/revisions"}],"wp:featuredmedia":[{"embeddable":true,"href":"https:\/\/www.todoenbelleza.es\/en\/wp-json\/wp\/v2\/media\/19395"}],"wp:attachment":[{"href":"https:\/\/www.todoenbelleza.es\/en\/wp-json\/wp\/v2\/media?parent=19392"}],"wp:term":[{"taxonomy":"category","embeddable":true,"href":"https:\/\/www.todoenbelleza.es\/en\/wp-json\/wp\/v2\/categories?post=19392"},{"taxonomy":"post_tag","embeddable":true,"href":"https:\/\/www.todoenbelleza.es\/en\/wp-json\/wp\/v2\/tags?post=19392"}],"curies":[{"name":"wp","href":"https:\/\/api.w.org\/{rel}","templated":true}]}}