{"id":1899,"date":"2014-02-01T18:36:35","date_gmt":"2014-02-01T18:36:35","guid":{"rendered":"http:\/\/www.todoenbelleza.es\/?p=1899"},"modified":"2023-02-12T15:45:55","modified_gmt":"2023-02-12T15:45:55","slug":"porque-somos-diferentes-tu-siempre-nos-eliges","status":"publish","type":"post","link":"https:\/\/www.todoenbelleza.es\/en\/porque-somos-diferentes-tu-siempre-nos-eliges\/","title":{"rendered":"Porque somos diferentes, t\u00fa siempre nos eliges"},"content":{"rendered":"<p>S\u00ed, es cierto, somos diferentes y t\u00fa que siempre est\u00e1s buceando en las p\u00e1ginas de belleza, que est\u00e1s bien informada y conoces perfectamente quien tiene un equipamiento de \u00faltima generaci\u00f3n, el m\u00e1s eficaz y en definitiva por eso el m\u00e1s econ\u00f3mico, sabes adem\u00e1s con cuantos equipos cuentan para realizar los diferentes tratamientos en est\u00e9tica, no puedes ignorar las titulaciones que poseen y sobre todo cuanta experiencia tienen en el manejo de dichos equipos.<\/p>\n<p>No menos importante es conocer que profesionales de la est\u00e9tica trabajan en el Centro y cu\u00e1les son los productos que usan en cabina porque no todo es igual, por todo ello, como persona bien informada t\u00fa siempre acudes a nuestro Centro.<\/p>\n<p>T\u00fa sabes que adem\u00e1s de sentirte mimada y atendida en cada uno de nuestros pasos tendr\u00e1s una informaci\u00f3n detallada y objetiva de tu estado de la piel, ya que antes de iniciar ning\u00fan tratamiento\u00a0te har\u00e1n un estudio minucioso tanto a nivel epid\u00e9rmico como d\u00e9rmico.<\/p>\n<p>Con los par\u00e1metros conseguidos,\u00a0una experta en cosm\u00e9tica te pautar\u00e1 los cuidados que necesitas realizarte en cabina y adem\u00e1s los que t\u00fa deber\u00e1s usar en casa.<\/p>\n<p>En las cabinas de est\u00e9ticas de la nuestro centro solo se usan productos biotecnol\u00f3gicos de la mejor calidad en su gran abanico de posibilidades, que adem\u00e1s aceleramos su penetraci\u00f3n y actuaci\u00f3n\u00a0con la aplicaci\u00f3n del l\u00e1ser Clear + Brilliant.<\/p>\n<p>Est\u00e1s segura de que si necesitases a\u00f1adir otros tratamientos m\u00e1s espec\u00edficos como rellenos, toxina botul\u00ednica, mesoterapia con vitaminas, oligoelementos y \u00e1cido hialur\u00f3nico, hilos Japoneses tensores como la aplicaci\u00f3n de t\u00e9cnicas m\u00e1s naturales como es el rejuvenecimiento con L\u00e1ser Fraxel Dual o el tensado y elevaci\u00f3n con Thermage CPT, podr\u00edas hacerlo, ya que yo, la Dra. Mercedes Silvestre llevo desde hace m\u00e1s de 20 a\u00f1os realizando dichas t\u00e9cnicas de est\u00e9tica en nuestro centro de belleza.<\/p>\n<p>Porque sabes que en nuestro Centro lo encuentras todo reunido, porque sabes de la profesionalidad de todos nuestro equipo humano y porque conoces la enorme inversi\u00f3n econ\u00f3mica en equipos m\u00e9dico-est\u00e9ticos de \u00faltima generaci\u00f3n que tenemos en la consulta y por todo ello, porque lo sabes bien, t\u00fa siempre nos eliges y te damos las gracias por ello.<\/p>","protected":false},"excerpt":{"rendered":"<p>S\u00ed, es cierto, somos diferentes y t\u00fa que siempre est\u00e1s buceando en las p\u00e1ginas de belleza, que est\u00e1s bien informada y conoces perfectamente quien tiene un equipamiento de \u00faltima generaci\u00f3n, el m\u00e1s eficaz y en definitiva por eso el m\u00e1s econ\u00f3mico, sabes adem\u00e1s con cuantos equipos cuentan para realizar los diferentes tratamientos en est\u00e9tica, no [&hellip;]<\/p>","protected":false},"author":4,"featured_media":1905,"comment_status":"open","ping_status":"closed","sticky":false,"template":"","format":"standard","meta":{"_et_pb_use_builder":"","_et_pb_old_content":"","_et_gb_content_width":"","_joinchat":[]},"categories":[138],"tags":[],"yoast_head":"<!-- This site is optimized with the Yoast SEO plugin v20.10 - https:\/\/yoast.com\/wordpress\/plugins\/seo\/ -->\n<title>Porque somos diferentes, t\u00fa siempre nos eliges<\/title>\n<meta name=\"robots\" content=\"index, follow, max-snippet:-1, max-image-preview:large, max-video-preview:-1\" \/>\n<link rel=\"canonical\" href=\"https:\/\/www.todoenbelleza.es\/en\/porque-somos-diferentes-tu-siempre-nos-eliges\/\" \/>\n<meta property=\"og:locale\" content=\"en_GB\" \/>\n<meta property=\"og:type\" content=\"article\" \/>\n<meta property=\"og:title\" content=\"Porque somos diferentes, t\u00fa siempre nos eliges\" \/>\n<meta property=\"og:description\" content=\"S\u00ed, es cierto, somos diferentes y t\u00fa que siempre est\u00e1s buceando en las p\u00e1ginas de belleza, que est\u00e1s bien informada y conoces perfectamente quien tiene un equipamiento de \u00faltima generaci\u00f3n, el m\u00e1s eficaz y en definitiva por eso el m\u00e1s econ\u00f3mico, sabes adem\u00e1s con cuantos equipos cuentan para realizar los diferentes tratamientos en est\u00e9tica, no [&hellip;]\" \/>\n<meta property=\"og:url\" content=\"https:\/\/www.todoenbelleza.es\/en\/porque-somos-diferentes-tu-siempre-nos-eliges\/\" \/>\n<meta property=\"og:site_name\" content=\"Todo en Belleza con Cuca Miquel\" \/>\n<meta property=\"article:publisher\" content=\"https:\/\/www.facebook.com\/www.todoenbelleza.es\/\" \/>\n<meta property=\"article:published_time\" content=\"2014-02-01T18:36:35+00:00\" \/>\n<meta property=\"article:modified_time\" content=\"2023-02-12T15:45:55+00:00\" \/>\n<meta property=\"og:image\" content=\"https:\/\/www.todoenbelleza.es\/wp-content\/uploads\/2014\/02\/IMG_0901-scaled.jpg\" \/>\n\t<meta property=\"og:image:width\" content=\"2048\" \/>\n\t<meta property=\"og:image:height\" content=\"1530\" \/>\n\t<meta property=\"og:image:type\" content=\"image\/jpeg\" \/>\n<meta name=\"author\" content=\"Dra. Mercedes Silvestre\" \/>\n<meta name=\"twitter:card\" content=\"summary_large_image\" \/>\n<meta name=\"twitter:creator\" content=\"@todoenbelleza1\" \/>\n<meta name=\"twitter:site\" content=\"@todoenbelleza1\" \/>\n<meta name=\"twitter:label1\" content=\"Written by\" \/>\n\t<meta name=\"twitter:data1\" content=\"Dra. Mercedes Silvestre\" \/>\n\t<meta name=\"twitter:label2\" content=\"Estimated reading time\" \/>\n\t<meta name=\"twitter:data2\" content=\"2 minutes\" \/>\n<!-- \/ Yoast SEO plugin. -->","yoast_head_json":{"title":"Porque somos diferentes, t\u00fa siempre nos eliges","robots":{"index":"index","follow":"follow","max-snippet":"max-snippet:-1","max-image-preview":"max-image-preview:large","max-video-preview":"max-video-preview:-1"},"canonical":"https:\/\/www.todoenbelleza.es\/en\/porque-somos-diferentes-tu-siempre-nos-eliges\/","og_locale":"en_GB","og_type":"article","og_title":"Porque somos diferentes, t\u00fa siempre nos eliges","og_description":"S\u00ed, es cierto, somos diferentes y t\u00fa que siempre est\u00e1s buceando en las p\u00e1ginas de belleza, que est\u00e1s bien informada y conoces perfectamente quien tiene un equipamiento de \u00faltima generaci\u00f3n, el m\u00e1s eficaz y en definitiva por eso el m\u00e1s econ\u00f3mico, sabes adem\u00e1s con cuantos equipos cuentan para realizar los diferentes tratamientos en est\u00e9tica, no [&hellip;]","og_url":"https:\/\/www.todoenbelleza.es\/en\/porque-somos-diferentes-tu-siempre-nos-eliges\/","og_site_name":"Todo en Belleza con Cuca Miquel","article_publisher":"https:\/\/www.facebook.com\/www.todoenbelleza.es\/","article_published_time":"2014-02-01T18:36:35+00:00","article_modified_time":"2023-02-12T15:45:55+00:00","og_image":[{"width":2048,"height":1530,"url":"https:\/\/www.todoenbelleza.es\/wp-content\/uploads\/2014\/02\/IMG_0901-scaled.jpg","type":"image\/jpeg"}],"author":"Dra. Mercedes Silvestre","twitter_card":"summary_large_image","twitter_creator":"@todoenbelleza1","twitter_site":"@todoenbelleza1","twitter_misc":{"Written by":"Dra. Mercedes Silvestre","Estimated reading time":"2 minutes"},"schema":{"@context":"https:\/\/schema.org","@graph":[{"@type":"Article","@id":"https:\/\/www.todoenbelleza.es\/porque-somos-diferentes-tu-siempre-nos-eliges\/#article","isPartOf":{"@id":"https:\/\/www.todoenbelleza.es\/porque-somos-diferentes-tu-siempre-nos-eliges\/"},"author":{"name":"Dra. Mercedes Silvestre","@id":"https:\/\/www.todoenbelleza.es\/#\/schema\/person\/45041fd22c1a353220017efdbf4f85ae"},"headline":"Porque somos diferentes, t\u00fa siempre nos eliges","datePublished":"2014-02-01T18:36:35+00:00","dateModified":"2023-02-12T15:45:55+00:00","mainEntityOfPage":{"@id":"https:\/\/www.todoenbelleza.es\/porque-somos-diferentes-tu-siempre-nos-eliges\/"},"wordCount":410,"commentCount":0,"publisher":{"@id":"https:\/\/www.todoenbelleza.es\/#organization"},"articleSection":["Prensa y colaboraciones"],"inLanguage":"en-GB","potentialAction":[{"@type":"CommentAction","name":"Comment","target":["https:\/\/www.todoenbelleza.es\/porque-somos-diferentes-tu-siempre-nos-eliges\/#respond"]}]},{"@type":"WebPage","@id":"https:\/\/www.todoenbelleza.es\/porque-somos-diferentes-tu-siempre-nos-eliges\/","url":"https:\/\/www.todoenbelleza.es\/porque-somos-diferentes-tu-siempre-nos-eliges\/","name":"Porque somos diferentes, t\u00fa siempre nos eliges","isPartOf":{"@id":"https:\/\/www.todoenbelleza.es\/#website"},"datePublished":"2014-02-01T18:36:35+00:00","dateModified":"2023-02-12T15:45:55+00:00","breadcrumb":{"@id":"https:\/\/www.todoenbelleza.es\/porque-somos-diferentes-tu-siempre-nos-eliges\/#breadcrumb"},"inLanguage":"en-GB","potentialAction":[{"@type":"ReadAction","target":["https:\/\/www.todoenbelleza.es\/porque-somos-diferentes-tu-siempre-nos-eliges\/"]}]},{"@type":"BreadcrumbList","@id":"https:\/\/www.todoenbelleza.es\/porque-somos-diferentes-tu-siempre-nos-eliges\/#breadcrumb","itemListElement":[{"@type":"ListItem","position":1,"name":"Portada","item":"https:\/\/www.todoenbelleza.es\/"},{"@type":"ListItem","position":2,"name":"Porque somos diferentes, t\u00fa siempre nos eliges"}]},{"@type":"WebSite","@id":"https:\/\/www.todoenbelleza.es\/#website","url":"https:\/\/www.todoenbelleza.es\/","name":"Todo en Belleza con Cuca Miquel","description":"Centro de belleza y medicina est\u00e9tica en Madrid","publisher":{"@id":"https:\/\/www.todoenbelleza.es\/#organization"},"potentialAction":[{"@type":"SearchAction","target":{"@type":"EntryPoint","urlTemplate":"https:\/\/www.todoenbelleza.es\/?s={search_term_string}"},"query-input":"required name=search_term_string"}],"inLanguage":"en-GB"},{"@type":"Organization","@id":"https:\/\/www.todoenbelleza.es\/#organization","name":"Todo en Belleza con Cuca Miquel","url":"https:\/\/www.todoenbelleza.es\/","logo":{"@type":"ImageObject","inLanguage":"en-GB","@id":"https:\/\/www.todoenbelleza.es\/#\/schema\/logo\/image\/","url":"https:\/\/www.todoenbelleza.es\/wp-content\/uploads\/2023\/02\/logocabecera.png","contentUrl":"https:\/\/www.todoenbelleza.es\/wp-content\/uploads\/2023\/02\/logocabecera.png","width":311,"height":60,"caption":"Todo en Belleza con Cuca Miquel"},"image":{"@id":"https:\/\/www.todoenbelleza.es\/#\/schema\/logo\/image\/"},"sameAs":["https:\/\/www.facebook.com\/www.todoenbelleza.es\/","https:\/\/twitter.com\/todoenbelleza1","https:\/\/www.instagram.com\/todo.en.belleza_cucamiquel\/"]},{"@type":"Person","@id":"https:\/\/www.todoenbelleza.es\/#\/schema\/person\/45041fd22c1a353220017efdbf4f85ae","name":"Dra. Mercedes Silvestre","image":{"@type":"ImageObject","inLanguage":"en-GB","@id":"https:\/\/www.todoenbelleza.es\/#\/schema\/person\/image\/","url":"https:\/\/www.todoenbelleza.es\/wp-content\/uploads\/2018\/02\/doctora-silvestre.jpg","contentUrl":"https:\/\/www.todoenbelleza.es\/wp-content\/uploads\/2018\/02\/doctora-silvestre.jpg","caption":"Dra. Mercedes Silvestre"},"description":"M\u00e1ster en Medicina Est\u00e9tica por la Escuela Espa\u00f1ola de Medicina Est\u00e9tica y Diplomatura en Cirug\u00eda Est\u00e9tica por la Sociedad Espa\u00f1ola de Cirug\u00eda Est\u00e9tica. En el a\u00f1o 1990 comienzo a trabajar la medicina est\u00e9tica con una consulta personal privada en Alcal\u00e1 de Henares (Madrid) y, mientras tanto, realizo y asisto a numerosos cursos y formaci\u00f3n en medicina est\u00e9tica. En el a\u00f1o 2006 me especializo en tratamientos de aparatolog\u00eda norteamericana: desde los l\u00e1seres m\u00e1s sencillos a los m\u00e1s sofisticados, pasando por radiofrecuencia de \u00faltima generaci\u00f3n y la ultracavitaci\u00f3n focalizada. Desde ese momento, mis consultas y tratamientos derivan a tratamientos de alta tecnolog\u00eda, los m\u00e1s punteros del sector, actuales y eficaces. Eso s\u00ed, sin descartar tratamientos cl\u00e1sicos de la medicina est\u00e9tica."}]}},"_links":{"self":[{"href":"https:\/\/www.todoenbelleza.es\/en\/wp-json\/wp\/v2\/posts\/1899"}],"collection":[{"href":"https:\/\/www.todoenbelleza.es\/en\/wp-json\/wp\/v2\/posts"}],"about":[{"href":"https:\/\/www.todoenbelleza.es\/en\/wp-json\/wp\/v2\/types\/post"}],"author":[{"embeddable":true,"href":"https:\/\/www.todoenbelleza.es\/en\/wp-json\/wp\/v2\/users\/4"}],"replies":[{"embeddable":true,"href":"https:\/\/www.todoenbelleza.es\/en\/wp-json\/wp\/v2\/comments?post=1899"}],"version-history":[{"count":0,"href":"https:\/\/www.todoenbelleza.es\/en\/wp-json\/wp\/v2\/posts\/1899\/revisions"}],"wp:featuredmedia":[{"embeddable":true,"href":"https:\/\/www.todoenbelleza.es\/en\/wp-json\/wp\/v2\/media\/1905"}],"wp:attachment":[{"href":"https:\/\/www.todoenbelleza.es\/en\/wp-json\/wp\/v2\/media?parent=1899"}],"wp:term":[{"taxonomy":"category","embeddable":true,"href":"https:\/\/www.todoenbelleza.es\/en\/wp-json\/wp\/v2\/categories?post=1899"},{"taxonomy":"post_tag","embeddable":true,"href":"https:\/\/www.todoenbelleza.es\/en\/wp-json\/wp\/v2\/tags?post=1899"}],"curies":[{"name":"wp","href":"https:\/\/api.w.org\/{rel}","templated":true}]}}