{"id":1878,"date":"2014-01-22T17:11:16","date_gmt":"2014-01-22T17:11:16","guid":{"rendered":"http:\/\/www.todoenbelleza.es\/?p=1878"},"modified":"2014-01-22T17:11:16","modified_gmt":"2014-01-22T17:11:16","slug":"dra-silvestre-en-la-revista-woman","status":"publish","type":"post","link":"https:\/\/www.todoenbelleza.es\/en\/dra-silvestre-en-la-revista-woman\/","title":{"rendered":"Dra Silvestre en la revista &#8220;woman&#8221;"},"content":{"rendered":"<p>&nbsp;<\/p>\n<p>Este mes de febrero, la revista &#8220;woman&#8221; se hace eco de la teor\u00eda de la Dra silvestre de que no todas las personas somos iguales y por ende, no respondemos igual ante los mismos tratamientos.<\/p>\n<p>Por ello, ella complementa sus tratamientos con un estudio del col\u00e1geno de la piel para conocer los niveles de esta prote\u00edna y si es necesario elevar la cifra recomienda nutri-cosm\u00e9tica adecuada.<\/p>\n<p>&nbsp;<\/p>\n<p>Cuca Miquel<\/p>\n<p><img decoding=\"async\" loading=\"lazy\" class=\"aligncenter size-medium wp-image-1879\" title=\"woman portada\" src=\"http:\/\/www.todoenbelleza.es\/wp-content\/uploads\/2014\/01\/woman-portada-345x450.jpg\" alt=\"\" width=\"345\" height=\"450\" \/><\/p>\n<p><img decoding=\"async\" loading=\"lazy\" class=\"aligncenter size-medium wp-image-1880\" title=\"woman texto\" src=\"http:\/\/www.todoenbelleza.es\/wp-content\/uploads\/2014\/01\/woman-texto-336x450.jpg\" alt=\"\" width=\"336\" height=\"450\" \/><\/p>","protected":false},"excerpt":{"rendered":"<p>&nbsp; Este mes de febrero, la revista &#8220;woman&#8221; se hace eco de la teor\u00eda de la Dra silvestre de que no todas las personas somos iguales y por ende, no respondemos igual ante los mismos tratamientos. Por ello, ella complementa sus tratamientos con un estudio del col\u00e1geno de la piel para conocer los niveles de [&hellip;]<\/p>","protected":false},"author":3,"featured_media":1879,"comment_status":"open","ping_status":"closed","sticky":false,"template":"","format":"standard","meta":{"_et_pb_use_builder":"","_et_pb_old_content":"","_et_gb_content_width":"","_joinchat":[]},"categories":[138],"tags":[],"yoast_head":"<!-- This site is optimized with the Yoast SEO plugin v20.10 - https:\/\/yoast.com\/wordpress\/plugins\/seo\/ -->\n<title>Dra Silvestre en la revista &quot;woman&quot;<\/title>\n<meta name=\"robots\" content=\"index, follow, max-snippet:-1, max-image-preview:large, max-video-preview:-1\" \/>\n<link rel=\"canonical\" href=\"https:\/\/www.todoenbelleza.es\/en\/dra-silvestre-en-la-revista-woman\/\" \/>\n<meta property=\"og:locale\" content=\"en_GB\" \/>\n<meta property=\"og:type\" content=\"article\" \/>\n<meta property=\"og:title\" content=\"Dra Silvestre en la revista &quot;woman&quot;\" \/>\n<meta property=\"og:description\" content=\"&nbsp; Este mes de febrero, la revista &#8220;woman&#8221; se hace eco de la teor\u00eda de la Dra silvestre de que no todas las personas somos iguales y por ende, no respondemos igual ante los mismos tratamientos. Por ello, ella complementa sus tratamientos con un estudio del col\u00e1geno de la piel para conocer los niveles de [&hellip;]\" \/>\n<meta property=\"og:url\" content=\"https:\/\/www.todoenbelleza.es\/en\/dra-silvestre-en-la-revista-woman\/\" \/>\n<meta property=\"og:site_name\" content=\"Todo en Belleza con Cuca Miquel\" \/>\n<meta property=\"article:publisher\" content=\"https:\/\/www.facebook.com\/www.todoenbelleza.es\/\" \/>\n<meta property=\"article:published_time\" content=\"2014-01-22T17:11:16+00:00\" \/>\n<meta property=\"og:image\" content=\"https:\/\/www.todoenbelleza.es\/wp-content\/uploads\/2014\/01\/woman-portada.jpg\" \/>\n\t<meta property=\"og:image:width\" content=\"392\" \/>\n\t<meta property=\"og:image:height\" content=\"510\" \/>\n\t<meta property=\"og:image:type\" content=\"image\/jpeg\" \/>\n<meta name=\"author\" content=\"Cuca Miquel\" \/>\n<meta name=\"twitter:card\" content=\"summary_large_image\" \/>\n<meta name=\"twitter:creator\" content=\"@todoenbelleza1\" \/>\n<meta name=\"twitter:site\" content=\"@todoenbelleza1\" \/>\n<meta name=\"twitter:label1\" content=\"Written by\" \/>\n\t<meta name=\"twitter:data1\" content=\"Cuca Miquel\" \/>\n<!-- \/ Yoast SEO plugin. -->","yoast_head_json":{"title":"Dra Silvestre en la revista \"woman\"","robots":{"index":"index","follow":"follow","max-snippet":"max-snippet:-1","max-image-preview":"max-image-preview:large","max-video-preview":"max-video-preview:-1"},"canonical":"https:\/\/www.todoenbelleza.es\/en\/dra-silvestre-en-la-revista-woman\/","og_locale":"en_GB","og_type":"article","og_title":"Dra Silvestre en la revista \"woman\"","og_description":"&nbsp; Este mes de febrero, la revista &#8220;woman&#8221; se hace eco de la teor\u00eda de la Dra silvestre de que no todas las personas somos iguales y por ende, no respondemos igual ante los mismos tratamientos. Por ello, ella complementa sus tratamientos con un estudio del col\u00e1geno de la piel para conocer los niveles de [&hellip;]","og_url":"https:\/\/www.todoenbelleza.es\/en\/dra-silvestre-en-la-revista-woman\/","og_site_name":"Todo en Belleza con Cuca Miquel","article_publisher":"https:\/\/www.facebook.com\/www.todoenbelleza.es\/","article_published_time":"2014-01-22T17:11:16+00:00","og_image":[{"width":392,"height":510,"url":"https:\/\/www.todoenbelleza.es\/wp-content\/uploads\/2014\/01\/woman-portada.jpg","type":"image\/jpeg"}],"author":"Cuca Miquel","twitter_card":"summary_large_image","twitter_creator":"@todoenbelleza1","twitter_site":"@todoenbelleza1","twitter_misc":{"Written by":"Cuca Miquel"},"schema":{"@context":"https:\/\/schema.org","@graph":[{"@type":"Article","@id":"https:\/\/www.todoenbelleza.es\/dra-silvestre-en-la-revista-woman\/#article","isPartOf":{"@id":"https:\/\/www.todoenbelleza.es\/dra-silvestre-en-la-revista-woman\/"},"author":{"name":"Cuca Miquel","@id":"https:\/\/www.todoenbelleza.es\/#\/schema\/person\/fae9b2b97a472cb884ad9155d65b8465"},"headline":"Dra Silvestre en la revista &#8220;woman&#8221;","datePublished":"2014-01-22T17:11:16+00:00","dateModified":"2014-01-22T17:11:16+00:00","mainEntityOfPage":{"@id":"https:\/\/www.todoenbelleza.es\/dra-silvestre-en-la-revista-woman\/"},"wordCount":80,"commentCount":0,"publisher":{"@id":"https:\/\/www.todoenbelleza.es\/#organization"},"articleSection":["Prensa y colaboraciones"],"inLanguage":"en-GB","potentialAction":[{"@type":"CommentAction","name":"Comment","target":["https:\/\/www.todoenbelleza.es\/dra-silvestre-en-la-revista-woman\/#respond"]}]},{"@type":"WebPage","@id":"https:\/\/www.todoenbelleza.es\/dra-silvestre-en-la-revista-woman\/","url":"https:\/\/www.todoenbelleza.es\/dra-silvestre-en-la-revista-woman\/","name":"Dra Silvestre en la revista \"woman\"","isPartOf":{"@id":"https:\/\/www.todoenbelleza.es\/#website"},"datePublished":"2014-01-22T17:11:16+00:00","dateModified":"2014-01-22T17:11:16+00:00","breadcrumb":{"@id":"https:\/\/www.todoenbelleza.es\/dra-silvestre-en-la-revista-woman\/#breadcrumb"},"inLanguage":"en-GB","potentialAction":[{"@type":"ReadAction","target":["https:\/\/www.todoenbelleza.es\/dra-silvestre-en-la-revista-woman\/"]}]},{"@type":"BreadcrumbList","@id":"https:\/\/www.todoenbelleza.es\/dra-silvestre-en-la-revista-woman\/#breadcrumb","itemListElement":[{"@type":"ListItem","position":1,"name":"Portada","item":"https:\/\/www.todoenbelleza.es\/"},{"@type":"ListItem","position":2,"name":"Dra Silvestre en la revista &#8220;woman&#8221;"}]},{"@type":"WebSite","@id":"https:\/\/www.todoenbelleza.es\/#website","url":"https:\/\/www.todoenbelleza.es\/","name":"Todo en Belleza con Cuca Miquel","description":"Centro de belleza y medicina est\u00e9tica en Madrid","publisher":{"@id":"https:\/\/www.todoenbelleza.es\/#organization"},"potentialAction":[{"@type":"SearchAction","target":{"@type":"EntryPoint","urlTemplate":"https:\/\/www.todoenbelleza.es\/?s={search_term_string}"},"query-input":"required name=search_term_string"}],"inLanguage":"en-GB"},{"@type":"Organization","@id":"https:\/\/www.todoenbelleza.es\/#organization","name":"Todo en Belleza con Cuca Miquel","url":"https:\/\/www.todoenbelleza.es\/","logo":{"@type":"ImageObject","inLanguage":"en-GB","@id":"https:\/\/www.todoenbelleza.es\/#\/schema\/logo\/image\/","url":"https:\/\/www.todoenbelleza.es\/wp-content\/uploads\/2023\/02\/logocabecera.png","contentUrl":"https:\/\/www.todoenbelleza.es\/wp-content\/uploads\/2023\/02\/logocabecera.png","width":311,"height":60,"caption":"Todo en Belleza con Cuca Miquel"},"image":{"@id":"https:\/\/www.todoenbelleza.es\/#\/schema\/logo\/image\/"},"sameAs":["https:\/\/www.facebook.com\/www.todoenbelleza.es\/","https:\/\/twitter.com\/todoenbelleza1","https:\/\/www.instagram.com\/todo.en.belleza_cucamiquel\/"]},{"@type":"Person","@id":"https:\/\/www.todoenbelleza.es\/#\/schema\/person\/fae9b2b97a472cb884ad9155d65b8465","name":"Cuca Miquel","image":{"@type":"ImageObject","inLanguage":"en-GB","@id":"https:\/\/www.todoenbelleza.es\/#\/schema\/person\/image\/","url":"https:\/\/www.todoenbelleza.es\/wp-content\/uploads\/2023\/02\/cuca_cremas_2.jpg","contentUrl":"https:\/\/www.todoenbelleza.es\/wp-content\/uploads\/2023\/02\/cuca_cremas_2.jpg","caption":"Cuca Miquel"},"description":"Master en Formulaci\u00f3n Cosm\u00e9tica, Experta Universitaria en Cosm\u00e9tica y Dermofarmacia, Experta Universitaria en Microbiota de la Piel, Master en Imagen Personal, Master ADE, Licenciada en Derecho. Especialista en acn\u00e9, ros\u00e1cea y envejecimiento."}]}},"_links":{"self":[{"href":"https:\/\/www.todoenbelleza.es\/en\/wp-json\/wp\/v2\/posts\/1878"}],"collection":[{"href":"https:\/\/www.todoenbelleza.es\/en\/wp-json\/wp\/v2\/posts"}],"about":[{"href":"https:\/\/www.todoenbelleza.es\/en\/wp-json\/wp\/v2\/types\/post"}],"author":[{"embeddable":true,"href":"https:\/\/www.todoenbelleza.es\/en\/wp-json\/wp\/v2\/users\/3"}],"replies":[{"embeddable":true,"href":"https:\/\/www.todoenbelleza.es\/en\/wp-json\/wp\/v2\/comments?post=1878"}],"version-history":[{"count":0,"href":"https:\/\/www.todoenbelleza.es\/en\/wp-json\/wp\/v2\/posts\/1878\/revisions"}],"wp:featuredmedia":[{"embeddable":true,"href":"https:\/\/www.todoenbelleza.es\/en\/wp-json\/wp\/v2\/media\/1879"}],"wp:attachment":[{"href":"https:\/\/www.todoenbelleza.es\/en\/wp-json\/wp\/v2\/media?parent=1878"}],"wp:term":[{"taxonomy":"category","embeddable":true,"href":"https:\/\/www.todoenbelleza.es\/en\/wp-json\/wp\/v2\/categories?post=1878"},{"taxonomy":"post_tag","embeddable":true,"href":"https:\/\/www.todoenbelleza.es\/en\/wp-json\/wp\/v2\/tags?post=1878"}],"curies":[{"name":"wp","href":"https:\/\/api.w.org\/{rel}","templated":true}]}}