{"id":1654,"date":"2013-09-06T13:42:59","date_gmt":"2013-09-06T13:42:59","guid":{"rendered":"http:\/\/www.todoenbelleza.es\/?p=1654"},"modified":"2013-09-06T13:42:59","modified_gmt":"2013-09-06T13:42:59","slug":"regreso","status":"publish","type":"post","link":"https:\/\/www.todoenbelleza.es\/en\/regreso\/","title":{"rendered":"Regreso"},"content":{"rendered":"<p><img decoding=\"async\" loading=\"lazy\" class=\"aligncenter size-medium wp-image-1659\" title=\"Exfoliaci\u00f3n\" src=\"http:\/\/www.todoenbelleza.es\/wp-content\/uploads\/2013\/09\/0008345315U-1920x1280-350x233.jpg\" alt=\"\" width=\"350\" height=\"233\" \/><\/p>\n<p>Ya hemos llegado,hemos regresado a nuestra hermosa rutina de siempre, a la que nos d\u00e1 confianza, la que nos d\u00e1 seguridad.<\/p>\n<p>Hoy quiero hablaros de eso: del regreso.<br \/>\nHay que festejar que estamos vivos,que hemos regresado con sabia nueva,con la piel destrozada del sol, el aire, las noches de diversi\u00f3n, los helados, los cubatas , la poca agua bebida y la mucha agua por fuera.,el poco cuidado que hemos dado a nuestra querida piel a la que mimamos en invierno y maltratamos y descuidamos en verano.<\/p>\n<p>Y no quiero hablar si adem\u00e1s hemos venido con unos kilitos de m\u00e1s que estamos deseando perder,sin tener en cuenta que ese procedimiento de bajar de peso nos costar\u00e1 un grado m\u00e1s de la terrible flacidez que como espada pendiente nos amenaza cada d\u00eda.<\/p>\n<p>&nbsp;<\/p>\n<p>Por ello no quiero dejar pasar por alto en el d\u00eda de hoy, cuando estamos reci\u00e9n llegadas de nuestras vacaciones que se\u00e1is prudentes.<br \/>\nHay que ir despacio pero seguras, para la piel del rostro lo primero es la eliminaci\u00f3n de corneocitos adosados a la superficie de nuestra epidermis, debemos hacerlo en un Centro de Est\u00e9tica,mejor en un Centro M\u00e9dico-Est\u00e9tico. All\u00ed te aplicaran lo m\u00e1s conveniente para el estado de tu piel en este momento,luego ya llegar\u00e1n las hidrataciones, tratamiento nutritivos, regeneradores, estimulantes etc,etc,<br \/>\nPara el cuerpo tambi\u00e9n debemos cuidar la piel con tratamientos exfoliantes en cabina,ademas de nutrir e hidratar y si necesitas eliminar ese kilito o dos de m\u00e1s, te indicaremos lo m\u00e1s adecuado para que esa bajada de peso no infrinja un da\u00f1o en todo tu cuerpo, incluida la cara, aumentando el grado de flacidez.<br \/>\nHoy en d\u00eda todos los tratamientos de cabina son espectacularmente efectivos y de bajo coste, no debes privarte de un mimo y cuidado especial ,porque nosotras,las mujeres no lo merecemos.<\/p>\n<p>Dra Silvestre<\/p>","protected":false},"excerpt":{"rendered":"<p>Ya hemos llegado,hemos regresado a nuestra hermosa rutina de siempre, a la que nos d\u00e1 confianza, la que nos d\u00e1 seguridad. Hoy quiero hablaros de eso: del regreso. Hay que festejar que estamos vivos,que hemos regresado con sabia nueva,con la piel destrozada del sol, el aire, las noches de diversi\u00f3n, los helados, los cubatas , [&hellip;]<\/p>","protected":false},"author":1,"featured_media":1659,"comment_status":"open","ping_status":"closed","sticky":false,"template":"","format":"standard","meta":{"_et_pb_use_builder":"","_et_pb_old_content":"","_et_gb_content_width":"","_joinchat":[]},"categories":[138],"tags":[208,206,158,207],"yoast_head":"<!-- This site is optimized with the Yoast SEO plugin v20.10 - https:\/\/yoast.com\/wordpress\/plugins\/seo\/ -->\n<title>Regreso<\/title>\n<meta name=\"robots\" content=\"index, follow, max-snippet:-1, max-image-preview:large, max-video-preview:-1\" \/>\n<link rel=\"canonical\" href=\"https:\/\/www.todoenbelleza.es\/en\/regreso\/\" \/>\n<meta property=\"og:locale\" content=\"en_GB\" \/>\n<meta property=\"og:type\" content=\"article\" \/>\n<meta property=\"og:title\" content=\"Regreso\" \/>\n<meta property=\"og:description\" content=\"Ya hemos llegado,hemos regresado a nuestra hermosa rutina de siempre, a la que nos d\u00e1 confianza, la que nos d\u00e1 seguridad. Hoy quiero hablaros de eso: del regreso. Hay que festejar que estamos vivos,que hemos regresado con sabia nueva,con la piel destrozada del sol, el aire, las noches de diversi\u00f3n, los helados, los cubatas , [&hellip;]\" \/>\n<meta property=\"og:url\" content=\"https:\/\/www.todoenbelleza.es\/en\/regreso\/\" \/>\n<meta property=\"og:site_name\" content=\"Todo en Belleza con Cuca Miquel\" \/>\n<meta property=\"article:publisher\" content=\"https:\/\/www.facebook.com\/www.todoenbelleza.es\/\" \/>\n<meta property=\"article:published_time\" content=\"2013-09-06T13:42:59+00:00\" \/>\n<meta property=\"og:image\" content=\"https:\/\/www.todoenbelleza.es\/wp-content\/uploads\/2013\/09\/0008345315U-1920x1280-1.jpg\" \/>\n\t<meta property=\"og:image:width\" content=\"1920\" \/>\n\t<meta property=\"og:image:height\" content=\"1280\" \/>\n\t<meta property=\"og:image:type\" content=\"image\/jpeg\" \/>\n<meta name=\"author\" content=\"Todo en Belleza\" \/>\n<meta name=\"twitter:card\" content=\"summary_large_image\" \/>\n<meta name=\"twitter:creator\" content=\"@todoenbelleza1\" \/>\n<meta name=\"twitter:site\" content=\"@todoenbelleza1\" \/>\n<meta name=\"twitter:label1\" content=\"Written by\" \/>\n\t<meta name=\"twitter:data1\" content=\"Todo en Belleza\" \/>\n\t<meta name=\"twitter:label2\" content=\"Estimated reading time\" \/>\n\t<meta name=\"twitter:data2\" content=\"2 minutes\" \/>\n<!-- \/ Yoast SEO plugin. -->","yoast_head_json":{"title":"Regreso","robots":{"index":"index","follow":"follow","max-snippet":"max-snippet:-1","max-image-preview":"max-image-preview:large","max-video-preview":"max-video-preview:-1"},"canonical":"https:\/\/www.todoenbelleza.es\/en\/regreso\/","og_locale":"en_GB","og_type":"article","og_title":"Regreso","og_description":"Ya hemos llegado,hemos regresado a nuestra hermosa rutina de siempre, a la que nos d\u00e1 confianza, la que nos d\u00e1 seguridad. Hoy quiero hablaros de eso: del regreso. Hay que festejar que estamos vivos,que hemos regresado con sabia nueva,con la piel destrozada del sol, el aire, las noches de diversi\u00f3n, los helados, los cubatas , [&hellip;]","og_url":"https:\/\/www.todoenbelleza.es\/en\/regreso\/","og_site_name":"Todo en Belleza con Cuca Miquel","article_publisher":"https:\/\/www.facebook.com\/www.todoenbelleza.es\/","article_published_time":"2013-09-06T13:42:59+00:00","og_image":[{"width":1920,"height":1280,"url":"https:\/\/www.todoenbelleza.es\/wp-content\/uploads\/2013\/09\/0008345315U-1920x1280-1.jpg","type":"image\/jpeg"}],"author":"Todo en Belleza","twitter_card":"summary_large_image","twitter_creator":"@todoenbelleza1","twitter_site":"@todoenbelleza1","twitter_misc":{"Written by":"Todo en Belleza","Estimated reading time":"2 minutes"},"schema":{"@context":"https:\/\/schema.org","@graph":[{"@type":"Article","@id":"https:\/\/www.todoenbelleza.es\/regreso\/#article","isPartOf":{"@id":"https:\/\/www.todoenbelleza.es\/regreso\/"},"author":{"name":"Todo en Belleza","@id":"https:\/\/www.todoenbelleza.es\/#\/schema\/person\/d076b133fc382646eeef3e15e4e5ed6e"},"headline":"Regreso","datePublished":"2013-09-06T13:42:59+00:00","dateModified":"2013-09-06T13:42:59+00:00","mainEntityOfPage":{"@id":"https:\/\/www.todoenbelleza.es\/regreso\/"},"wordCount":329,"commentCount":0,"publisher":{"@id":"https:\/\/www.todoenbelleza.es\/#organization"},"keywords":["#danosSolares","#exfoliacion","#flacidez","#hidratacionFacial"],"articleSection":["Prensa y colaboraciones"],"inLanguage":"en-GB","potentialAction":[{"@type":"CommentAction","name":"Comment","target":["https:\/\/www.todoenbelleza.es\/regreso\/#respond"]}]},{"@type":"WebPage","@id":"https:\/\/www.todoenbelleza.es\/regreso\/","url":"https:\/\/www.todoenbelleza.es\/regreso\/","name":"Regreso","isPartOf":{"@id":"https:\/\/www.todoenbelleza.es\/#website"},"datePublished":"2013-09-06T13:42:59+00:00","dateModified":"2013-09-06T13:42:59+00:00","breadcrumb":{"@id":"https:\/\/www.todoenbelleza.es\/regreso\/#breadcrumb"},"inLanguage":"en-GB","potentialAction":[{"@type":"ReadAction","target":["https:\/\/www.todoenbelleza.es\/regreso\/"]}]},{"@type":"BreadcrumbList","@id":"https:\/\/www.todoenbelleza.es\/regreso\/#breadcrumb","itemListElement":[{"@type":"ListItem","position":1,"name":"Portada","item":"https:\/\/www.todoenbelleza.es\/"},{"@type":"ListItem","position":2,"name":"Regreso"}]},{"@type":"WebSite","@id":"https:\/\/www.todoenbelleza.es\/#website","url":"https:\/\/www.todoenbelleza.es\/","name":"Todo en Belleza con Cuca Miquel","description":"Centro de belleza y medicina est\u00e9tica en Madrid","publisher":{"@id":"https:\/\/www.todoenbelleza.es\/#organization"},"potentialAction":[{"@type":"SearchAction","target":{"@type":"EntryPoint","urlTemplate":"https:\/\/www.todoenbelleza.es\/?s={search_term_string}"},"query-input":"required name=search_term_string"}],"inLanguage":"en-GB"},{"@type":"Organization","@id":"https:\/\/www.todoenbelleza.es\/#organization","name":"Todo en Belleza con Cuca Miquel","url":"https:\/\/www.todoenbelleza.es\/","logo":{"@type":"ImageObject","inLanguage":"en-GB","@id":"https:\/\/www.todoenbelleza.es\/#\/schema\/logo\/image\/","url":"https:\/\/www.todoenbelleza.es\/wp-content\/uploads\/2023\/02\/logocabecera.png","contentUrl":"https:\/\/www.todoenbelleza.es\/wp-content\/uploads\/2023\/02\/logocabecera.png","width":311,"height":60,"caption":"Todo en Belleza con Cuca Miquel"},"image":{"@id":"https:\/\/www.todoenbelleza.es\/#\/schema\/logo\/image\/"},"sameAs":["https:\/\/www.facebook.com\/www.todoenbelleza.es\/","https:\/\/twitter.com\/todoenbelleza1","https:\/\/www.instagram.com\/todo.en.belleza_cucamiquel\/"]},{"@type":"Person","@id":"https:\/\/www.todoenbelleza.es\/#\/schema\/person\/d076b133fc382646eeef3e15e4e5ed6e","name":"Todo en Belleza","image":{"@type":"ImageObject","inLanguage":"en-GB","@id":"https:\/\/www.todoenbelleza.es\/#\/schema\/person\/image\/","url":"https:\/\/www.todoenbelleza.es\/wp-content\/uploads\/2022\/05\/cropped-icono.png","contentUrl":"https:\/\/www.todoenbelleza.es\/wp-content\/uploads\/2022\/05\/cropped-icono.png","caption":"Todo en Belleza"},"description":"Sabemos mucho de belleza. Pero en lo que somos expertos, es en ti. Nos avalan m\u00e1s de 20 a\u00f1os de experiencia a tu servicio ofreci\u00e9ndote las t\u00e9cnicas m\u00e1s avanzadas y el trato m\u00e1s exquisito."}]}},"_links":{"self":[{"href":"https:\/\/www.todoenbelleza.es\/en\/wp-json\/wp\/v2\/posts\/1654"}],"collection":[{"href":"https:\/\/www.todoenbelleza.es\/en\/wp-json\/wp\/v2\/posts"}],"about":[{"href":"https:\/\/www.todoenbelleza.es\/en\/wp-json\/wp\/v2\/types\/post"}],"author":[{"embeddable":true,"href":"https:\/\/www.todoenbelleza.es\/en\/wp-json\/wp\/v2\/users\/1"}],"replies":[{"embeddable":true,"href":"https:\/\/www.todoenbelleza.es\/en\/wp-json\/wp\/v2\/comments?post=1654"}],"version-history":[{"count":0,"href":"https:\/\/www.todoenbelleza.es\/en\/wp-json\/wp\/v2\/posts\/1654\/revisions"}],"wp:featuredmedia":[{"embeddable":true,"href":"https:\/\/www.todoenbelleza.es\/en\/wp-json\/wp\/v2\/media\/1659"}],"wp:attachment":[{"href":"https:\/\/www.todoenbelleza.es\/en\/wp-json\/wp\/v2\/media?parent=1654"}],"wp:term":[{"taxonomy":"category","embeddable":true,"href":"https:\/\/www.todoenbelleza.es\/en\/wp-json\/wp\/v2\/categories?post=1654"},{"taxonomy":"post_tag","embeddable":true,"href":"https:\/\/www.todoenbelleza.es\/en\/wp-json\/wp\/v2\/tags?post=1654"}],"curies":[{"name":"wp","href":"https:\/\/api.w.org\/{rel}","templated":true}]}}