{"id":1643,"date":"2013-08-28T18:25:58","date_gmt":"2013-08-28T18:25:58","guid":{"rendered":"http:\/\/www.todoenbelleza.es\/?p=1643"},"modified":"2023-02-05T18:28:33","modified_gmt":"2023-02-05T18:28:33","slug":"despues-del-verano-tu-piel-grita-s-o-s","status":"publish","type":"post","link":"https:\/\/www.todoenbelleza.es\/en\/despues-del-verano-tu-piel-grita-s-o-s\/","title":{"rendered":"Despu\u00e9s del verano, tu piel grita: s.o.s"},"content":{"rendered":"<p>El verano est\u00e1 llegando a su fin, hemos disfrutado de unos d\u00edas soleados, mucha piscina, playa o monta\u00f1a.<\/p>\n<p>Hemos disfrutado, pero la piel, la que nos cubre todo el cuerpo y m\u00e1s especialmente la piel del rostro, ha sufrido, sufre por los rayos solares, las radiaciones han hecho que la piel se proteja de forma natural y eso ha provocado que la piel se engrose, ya que engros\u00e1ndose las radiaciones da\u00f1inas tienen m\u00e1s dificultad para penetrar en las capas m\u00e1s profundas de la piel.<\/p>\n<p>Los melanocitos han trabajado duramente y han aparecido las &#8220;temidas&#8221; manchas solares.<\/p>\n<p>Por ello, en <strong>Todo en Belleza<\/strong> os cuida, escucha los gritos de <strong>socorro<\/strong> de vuestra piel y os ofrece tratamientos para este mes de septiembre que cumplan tres funciones b\u00e1sicas para mimar tu piel.<\/p>\n<ul>\n<li><strong>Exfoliar<\/strong>, con productos biotecnol\u00f3gicos o dermoabrasiones con punta de diamante.<\/li>\n<li><strong>Reparar<\/strong> con mascarillas tratantes, calmantes, antioxidantes, descontracturantes y de forma m\u00e1s detallada con tratamientos personalizados<strong>.<\/strong><\/li>\n<li><strong>Hidratar<\/strong> con productos adecuados.<\/li>\n<\/ul>\n<p>No te olvides de auxiliar a tu piel y <a href=\"https:\/\/www.todoenbelleza.es\/en\/pide-cita\/\">Make an appointment<\/a>. La primera consulta es gratuita<\/p>\n<p>Cuca<\/p>","protected":false},"excerpt":{"rendered":"<p>El verano est\u00e1 llegando a su fin, hemos disfrutado de unos d\u00edas soleados, mucha piscina, playa o monta\u00f1a. Hemos disfrutado, pero la piel, la que nos cubre todo el cuerpo y m\u00e1s especialmente la piel del rostro, ha sufrido, sufre por los rayos solares, las radiaciones han hecho que la piel se proteja de forma [&hellip;]<\/p>","protected":false},"author":3,"featured_media":1648,"comment_status":"open","ping_status":"closed","sticky":false,"template":"","format":"standard","meta":{"_et_pb_use_builder":"","_et_pb_old_content":"","_et_gb_content_width":"","_joinchat":[]},"categories":[138],"tags":[203,205,206,174,35,247,204],"yoast_head":"<!-- This site is optimized with the Yoast SEO plugin v20.10 - https:\/\/yoast.com\/wordpress\/plugins\/seo\/ -->\n<title>Despu\u00e9s del verano, tu piel grita: s.o.s<\/title>\n<meta name=\"robots\" content=\"index, follow, max-snippet:-1, max-image-preview:large, max-video-preview:-1\" \/>\n<link rel=\"canonical\" href=\"https:\/\/www.todoenbelleza.es\/en\/despues-del-verano-tu-piel-grita-s-o-s\/\" \/>\n<meta property=\"og:locale\" content=\"en_GB\" \/>\n<meta property=\"og:type\" content=\"article\" \/>\n<meta property=\"og:title\" content=\"Despu\u00e9s del verano, tu piel grita: s.o.s\" \/>\n<meta property=\"og:description\" content=\"El verano est\u00e1 llegando a su fin, hemos disfrutado de unos d\u00edas soleados, mucha piscina, playa o monta\u00f1a. Hemos disfrutado, pero la piel, la que nos cubre todo el cuerpo y m\u00e1s especialmente la piel del rostro, ha sufrido, sufre por los rayos solares, las radiaciones han hecho que la piel se proteja de forma [&hellip;]\" \/>\n<meta property=\"og:url\" content=\"https:\/\/www.todoenbelleza.es\/en\/despues-del-verano-tu-piel-grita-s-o-s\/\" \/>\n<meta property=\"og:site_name\" content=\"Todo en Belleza con Cuca Miquel\" \/>\n<meta property=\"article:publisher\" content=\"https:\/\/www.facebook.com\/www.todoenbelleza.es\/\" \/>\n<meta property=\"article:published_time\" content=\"2013-08-28T18:25:58+00:00\" \/>\n<meta property=\"article:modified_time\" content=\"2023-02-05T18:28:33+00:00\" \/>\n<meta property=\"og:image\" content=\"https:\/\/www.todoenbelleza.es\/wp-content\/uploads\/2013\/08\/DSC_9054-scaled.jpg\" \/>\n\t<meta property=\"og:image:width\" content=\"1360\" \/>\n\t<meta property=\"og:image:height\" content=\"2048\" \/>\n\t<meta property=\"og:image:type\" content=\"image\/jpeg\" \/>\n<meta name=\"author\" content=\"Cuca Miquel\" \/>\n<meta name=\"twitter:card\" content=\"summary_large_image\" \/>\n<meta name=\"twitter:creator\" content=\"@todoenbelleza1\" \/>\n<meta name=\"twitter:site\" content=\"@todoenbelleza1\" \/>\n<meta name=\"twitter:label1\" content=\"Written by\" \/>\n\t<meta name=\"twitter:data1\" content=\"Cuca Miquel\" \/>\n\t<meta name=\"twitter:label2\" content=\"Estimated reading time\" \/>\n\t<meta name=\"twitter:data2\" content=\"1 minute\" \/>\n<!-- \/ Yoast SEO plugin. -->","yoast_head_json":{"title":"Despu\u00e9s del verano, tu piel grita: s.o.s","robots":{"index":"index","follow":"follow","max-snippet":"max-snippet:-1","max-image-preview":"max-image-preview:large","max-video-preview":"max-video-preview:-1"},"canonical":"https:\/\/www.todoenbelleza.es\/en\/despues-del-verano-tu-piel-grita-s-o-s\/","og_locale":"en_GB","og_type":"article","og_title":"Despu\u00e9s del verano, tu piel grita: s.o.s","og_description":"El verano est\u00e1 llegando a su fin, hemos disfrutado de unos d\u00edas soleados, mucha piscina, playa o monta\u00f1a. Hemos disfrutado, pero la piel, la que nos cubre todo el cuerpo y m\u00e1s especialmente la piel del rostro, ha sufrido, sufre por los rayos solares, las radiaciones han hecho que la piel se proteja de forma [&hellip;]","og_url":"https:\/\/www.todoenbelleza.es\/en\/despues-del-verano-tu-piel-grita-s-o-s\/","og_site_name":"Todo en Belleza con Cuca Miquel","article_publisher":"https:\/\/www.facebook.com\/www.todoenbelleza.es\/","article_published_time":"2013-08-28T18:25:58+00:00","article_modified_time":"2023-02-05T18:28:33+00:00","og_image":[{"width":1360,"height":2048,"url":"https:\/\/www.todoenbelleza.es\/wp-content\/uploads\/2013\/08\/DSC_9054-scaled.jpg","type":"image\/jpeg"}],"author":"Cuca Miquel","twitter_card":"summary_large_image","twitter_creator":"@todoenbelleza1","twitter_site":"@todoenbelleza1","twitter_misc":{"Written by":"Cuca Miquel","Estimated reading time":"1 minute"},"schema":{"@context":"https:\/\/schema.org","@graph":[{"@type":"Article","@id":"https:\/\/www.todoenbelleza.es\/despues-del-verano-tu-piel-grita-s-o-s\/#article","isPartOf":{"@id":"https:\/\/www.todoenbelleza.es\/despues-del-verano-tu-piel-grita-s-o-s\/"},"author":{"name":"Cuca Miquel","@id":"https:\/\/www.todoenbelleza.es\/#\/schema\/person\/fae9b2b97a472cb884ad9155d65b8465"},"headline":"Despu\u00e9s del verano, tu piel grita: s.o.s","datePublished":"2013-08-28T18:25:58+00:00","dateModified":"2023-02-05T18:28:33+00:00","mainEntityOfPage":{"@id":"https:\/\/www.todoenbelleza.es\/despues-del-verano-tu-piel-grita-s-o-s\/"},"wordCount":196,"commentCount":0,"publisher":{"@id":"https:\/\/www.todoenbelleza.es\/#organization"},"keywords":["#danoSolar","#dermoabrasiones","#exfoliacion","#klapp","#skinCare","#skinCeuticals","#tratamitentosEsteticos"],"articleSection":["Prensa y colaboraciones"],"inLanguage":"en-GB","potentialAction":[{"@type":"CommentAction","name":"Comment","target":["https:\/\/www.todoenbelleza.es\/despues-del-verano-tu-piel-grita-s-o-s\/#respond"]}]},{"@type":"WebPage","@id":"https:\/\/www.todoenbelleza.es\/despues-del-verano-tu-piel-grita-s-o-s\/","url":"https:\/\/www.todoenbelleza.es\/despues-del-verano-tu-piel-grita-s-o-s\/","name":"Despu\u00e9s del verano, tu piel grita: s.o.s","isPartOf":{"@id":"https:\/\/www.todoenbelleza.es\/#website"},"datePublished":"2013-08-28T18:25:58+00:00","dateModified":"2023-02-05T18:28:33+00:00","breadcrumb":{"@id":"https:\/\/www.todoenbelleza.es\/despues-del-verano-tu-piel-grita-s-o-s\/#breadcrumb"},"inLanguage":"en-GB","potentialAction":[{"@type":"ReadAction","target":["https:\/\/www.todoenbelleza.es\/despues-del-verano-tu-piel-grita-s-o-s\/"]}]},{"@type":"BreadcrumbList","@id":"https:\/\/www.todoenbelleza.es\/despues-del-verano-tu-piel-grita-s-o-s\/#breadcrumb","itemListElement":[{"@type":"ListItem","position":1,"name":"Portada","item":"https:\/\/www.todoenbelleza.es\/"},{"@type":"ListItem","position":2,"name":"Despu\u00e9s del verano, tu piel grita: s.o.s"}]},{"@type":"WebSite","@id":"https:\/\/www.todoenbelleza.es\/#website","url":"https:\/\/www.todoenbelleza.es\/","name":"Todo en Belleza con Cuca Miquel","description":"Centro de belleza y medicina est\u00e9tica en Madrid","publisher":{"@id":"https:\/\/www.todoenbelleza.es\/#organization"},"potentialAction":[{"@type":"SearchAction","target":{"@type":"EntryPoint","urlTemplate":"https:\/\/www.todoenbelleza.es\/?s={search_term_string}"},"query-input":"required name=search_term_string"}],"inLanguage":"en-GB"},{"@type":"Organization","@id":"https:\/\/www.todoenbelleza.es\/#organization","name":"Todo en Belleza con Cuca Miquel","url":"https:\/\/www.todoenbelleza.es\/","logo":{"@type":"ImageObject","inLanguage":"en-GB","@id":"https:\/\/www.todoenbelleza.es\/#\/schema\/logo\/image\/","url":"https:\/\/www.todoenbelleza.es\/wp-content\/uploads\/2023\/02\/logocabecera.png","contentUrl":"https:\/\/www.todoenbelleza.es\/wp-content\/uploads\/2023\/02\/logocabecera.png","width":311,"height":60,"caption":"Todo en Belleza con Cuca Miquel"},"image":{"@id":"https:\/\/www.todoenbelleza.es\/#\/schema\/logo\/image\/"},"sameAs":["https:\/\/www.facebook.com\/www.todoenbelleza.es\/","https:\/\/twitter.com\/todoenbelleza1","https:\/\/www.instagram.com\/todo.en.belleza_cucamiquel\/"]},{"@type":"Person","@id":"https:\/\/www.todoenbelleza.es\/#\/schema\/person\/fae9b2b97a472cb884ad9155d65b8465","name":"Cuca Miquel","image":{"@type":"ImageObject","inLanguage":"en-GB","@id":"https:\/\/www.todoenbelleza.es\/#\/schema\/person\/image\/","url":"https:\/\/www.todoenbelleza.es\/wp-content\/uploads\/2023\/02\/cuca_cremas_2.jpg","contentUrl":"https:\/\/www.todoenbelleza.es\/wp-content\/uploads\/2023\/02\/cuca_cremas_2.jpg","caption":"Cuca Miquel"},"description":"Master en Formulaci\u00f3n Cosm\u00e9tica, Experta Universitaria en Cosm\u00e9tica y Dermofarmacia, Experta Universitaria en Microbiota de la Piel, Master en Imagen Personal, Master ADE, Licenciada en Derecho. Especialista en acn\u00e9, ros\u00e1cea y envejecimiento."}]}},"_links":{"self":[{"href":"https:\/\/www.todoenbelleza.es\/en\/wp-json\/wp\/v2\/posts\/1643"}],"collection":[{"href":"https:\/\/www.todoenbelleza.es\/en\/wp-json\/wp\/v2\/posts"}],"about":[{"href":"https:\/\/www.todoenbelleza.es\/en\/wp-json\/wp\/v2\/types\/post"}],"author":[{"embeddable":true,"href":"https:\/\/www.todoenbelleza.es\/en\/wp-json\/wp\/v2\/users\/3"}],"replies":[{"embeddable":true,"href":"https:\/\/www.todoenbelleza.es\/en\/wp-json\/wp\/v2\/comments?post=1643"}],"version-history":[{"count":0,"href":"https:\/\/www.todoenbelleza.es\/en\/wp-json\/wp\/v2\/posts\/1643\/revisions"}],"wp:featuredmedia":[{"embeddable":true,"href":"https:\/\/www.todoenbelleza.es\/en\/wp-json\/wp\/v2\/media\/1648"}],"wp:attachment":[{"href":"https:\/\/www.todoenbelleza.es\/en\/wp-json\/wp\/v2\/media?parent=1643"}],"wp:term":[{"taxonomy":"category","embeddable":true,"href":"https:\/\/www.todoenbelleza.es\/en\/wp-json\/wp\/v2\/categories?post=1643"},{"taxonomy":"post_tag","embeddable":true,"href":"https:\/\/www.todoenbelleza.es\/en\/wp-json\/wp\/v2\/tags?post=1643"}],"curies":[{"name":"wp","href":"https:\/\/api.w.org\/{rel}","templated":true}]}}