{"id":1458,"date":"2013-06-12T22:25:43","date_gmt":"2013-06-12T22:25:43","guid":{"rendered":"http:\/\/www.todoenbelleza.es\/?p=1458"},"modified":"2013-06-12T22:25:43","modified_gmt":"2013-06-12T22:25:43","slug":"estoy-envejeciendo","status":"publish","type":"post","link":"https:\/\/www.todoenbelleza.es\/en\/estoy-envejeciendo\/","title":{"rendered":"\u00bf Estoy envejeciendo&#8230;?"},"content":{"rendered":"<p>Cada vez que al mirarte al espejo descubres una nueva arruguita alrededor de los ojos, lanzas al aire la sempiterna pregunta<\/p>\n<p>\u00bfEstoy empezando a envejecer&#8230;?<\/p>\n<p>Pues no,la respuesta es NO, con may\u00fasculas.\u00a0<img decoding=\"async\" loading=\"lazy\" class=\"alignright size-medium wp-image-1480\" title=\"0010150224A-3744x5616\" src=\"http:\/\/www.todoenbelleza.es\/wp-content\/uploads\/2013\/06\/0010150224A-3744x5616-300x450.jpg\" alt=\"\" width=\"300\" height=\"450\" \/><br \/>\nLas arrugas que aparecen alrededor de los ojos,en la frente ,en el entrecejo son arrugas de expresi\u00f3n,aparecen por que t\u00fa constantemente estas contrayendo los m\u00fasculos cuando r\u00edes, cuando estas preocupada, cuando te molesta el sol, cuando te enfadas.<\/p>\n<p>La repetici\u00f3n constante de esos gestos hacen que vayan apareciendo esas arrugitas en tu piel y que no indican nada m\u00e1s \u00a0que eres una persona expresiva, vamos, que no eres una mu\u00f1eca de cart\u00f3n piedra, que gesticulas al expresar tus sentimientos y emociones.<\/p>\n<p>No hay nada m\u00e1s feo que una cara lisa completamente inexpresiva.<\/p>\n<p>La vejez es otra cosa es Cuando al surco nasogeniano (que muchas personas lo tienen desde la infancia ) se une la flacidez del rostro, es cuando el surco empieza a no gustarnos y queremos rellenarlo.<\/p>\n<p>Por ello la vejez es FLACIDEZ , cuando todas las estructuras de la cara movibles como es la zona media del rostro empieza a descolgarse, cuando se va perdiendo el ovalo de la cara por que el tejido que cubre las mejillas ha empezado a descender.<\/p>\n<p>Es ah\u00ed cuando debemos \u00a0decir que hemos empezado a envejecer.<\/p>\n<p>Afortunadamente vivimos en esta \u00e9poca y nos han ofrecido el remedio b\u00e1sico para contener ese descenso de las estructuras faciales y para subirlo si ya est\u00e1 descendido es el tratamiento estrella de las personas bien informadas.<\/p>\n<p>Estoy hablando de \u00a0la t\u00e9cnica norteamericana de Thermage cpt .<\/p>\n<p>Bay bay face lifting, bienvenido Thermage cpt.<\/p>\n<p>&nbsp;<\/p>\n<p>Dra silvestre<\/p>","protected":false},"excerpt":{"rendered":"<p>Cada vez que al mirarte al espejo descubres una nueva arruguita alrededor de los ojos, lanzas al aire la sempiterna pregunta \u00bfEstoy empezando a envejecer&#8230;? Pues no,la respuesta es NO, con may\u00fasculas.\u00a0 Las arrugas que aparecen alrededor de los ojos,en la frente ,en el entrecejo son arrugas de expresi\u00f3n,aparecen por que t\u00fa constantemente estas contrayendo [&hellip;]<\/p>","protected":false},"author":1,"featured_media":1480,"comment_status":"open","ping_status":"closed","sticky":false,"template":"","format":"standard","meta":{"_et_pb_use_builder":"","_et_pb_old_content":"","_et_gb_content_width":"","_joinchat":[]},"categories":[138],"tags":[],"yoast_head":"<!-- This site is optimized with the Yoast SEO plugin v20.10 - https:\/\/yoast.com\/wordpress\/plugins\/seo\/ -->\n<title>\u00bf Estoy envejeciendo...?<\/title>\n<meta name=\"robots\" content=\"index, follow, max-snippet:-1, max-image-preview:large, max-video-preview:-1\" \/>\n<link rel=\"canonical\" href=\"https:\/\/www.todoenbelleza.es\/en\/estoy-envejeciendo\/\" \/>\n<meta property=\"og:locale\" content=\"en_GB\" \/>\n<meta property=\"og:type\" content=\"article\" \/>\n<meta property=\"og:title\" content=\"\u00bf Estoy envejeciendo...?\" \/>\n<meta property=\"og:description\" content=\"Cada vez que al mirarte al espejo descubres una nueva arruguita alrededor de los ojos, lanzas al aire la sempiterna pregunta \u00bfEstoy empezando a envejecer&#8230;? Pues no,la respuesta es NO, con may\u00fasculas.\u00a0 Las arrugas que aparecen alrededor de los ojos,en la frente ,en el entrecejo son arrugas de expresi\u00f3n,aparecen por que t\u00fa constantemente estas contrayendo [&hellip;]\" \/>\n<meta property=\"og:url\" content=\"https:\/\/www.todoenbelleza.es\/en\/estoy-envejeciendo\/\" \/>\n<meta property=\"og:site_name\" content=\"Todo en Belleza con Cuca Miquel\" \/>\n<meta property=\"article:publisher\" content=\"https:\/\/www.facebook.com\/www.todoenbelleza.es\/\" \/>\n<meta property=\"article:published_time\" content=\"2013-06-12T22:25:43+00:00\" \/>\n<meta property=\"og:image\" content=\"https:\/\/www.todoenbelleza.es\/wp-content\/uploads\/2013\/06\/0010150224A-3744x5616-1-scaled.jpg\" \/>\n\t<meta property=\"og:image:width\" content=\"1366\" \/>\n\t<meta property=\"og:image:height\" content=\"2048\" \/>\n\t<meta property=\"og:image:type\" content=\"image\/jpeg\" \/>\n<meta name=\"author\" content=\"Todo en Belleza\" \/>\n<meta name=\"twitter:card\" content=\"summary_large_image\" \/>\n<meta name=\"twitter:creator\" content=\"@todoenbelleza1\" \/>\n<meta name=\"twitter:site\" content=\"@todoenbelleza1\" \/>\n<meta name=\"twitter:label1\" content=\"Written by\" \/>\n\t<meta name=\"twitter:data1\" content=\"Todo en Belleza\" \/>\n\t<meta name=\"twitter:label2\" content=\"Estimated reading time\" \/>\n\t<meta name=\"twitter:data2\" content=\"1 minute\" \/>\n<!-- \/ Yoast SEO plugin. -->","yoast_head_json":{"title":"\u00bf Estoy envejeciendo...?","robots":{"index":"index","follow":"follow","max-snippet":"max-snippet:-1","max-image-preview":"max-image-preview:large","max-video-preview":"max-video-preview:-1"},"canonical":"https:\/\/www.todoenbelleza.es\/en\/estoy-envejeciendo\/","og_locale":"en_GB","og_type":"article","og_title":"\u00bf Estoy envejeciendo...?","og_description":"Cada vez que al mirarte al espejo descubres una nueva arruguita alrededor de los ojos, lanzas al aire la sempiterna pregunta \u00bfEstoy empezando a envejecer&#8230;? Pues no,la respuesta es NO, con may\u00fasculas.\u00a0 Las arrugas que aparecen alrededor de los ojos,en la frente ,en el entrecejo son arrugas de expresi\u00f3n,aparecen por que t\u00fa constantemente estas contrayendo [&hellip;]","og_url":"https:\/\/www.todoenbelleza.es\/en\/estoy-envejeciendo\/","og_site_name":"Todo en Belleza con Cuca Miquel","article_publisher":"https:\/\/www.facebook.com\/www.todoenbelleza.es\/","article_published_time":"2013-06-12T22:25:43+00:00","og_image":[{"width":1366,"height":2048,"url":"https:\/\/www.todoenbelleza.es\/wp-content\/uploads\/2013\/06\/0010150224A-3744x5616-1-scaled.jpg","type":"image\/jpeg"}],"author":"Todo en Belleza","twitter_card":"summary_large_image","twitter_creator":"@todoenbelleza1","twitter_site":"@todoenbelleza1","twitter_misc":{"Written by":"Todo en Belleza","Estimated reading time":"1 minute"},"schema":{"@context":"https:\/\/schema.org","@graph":[{"@type":"Article","@id":"https:\/\/www.todoenbelleza.es\/estoy-envejeciendo\/#article","isPartOf":{"@id":"https:\/\/www.todoenbelleza.es\/estoy-envejeciendo\/"},"author":{"name":"Todo en Belleza","@id":"https:\/\/www.todoenbelleza.es\/#\/schema\/person\/d076b133fc382646eeef3e15e4e5ed6e"},"headline":"\u00bf Estoy envejeciendo&#8230;?","datePublished":"2013-06-12T22:25:43+00:00","dateModified":"2013-06-12T22:25:43+00:00","mainEntityOfPage":{"@id":"https:\/\/www.todoenbelleza.es\/estoy-envejeciendo\/"},"wordCount":285,"commentCount":0,"publisher":{"@id":"https:\/\/www.todoenbelleza.es\/#organization"},"articleSection":["Prensa y colaboraciones"],"inLanguage":"en-GB","potentialAction":[{"@type":"CommentAction","name":"Comment","target":["https:\/\/www.todoenbelleza.es\/estoy-envejeciendo\/#respond"]}]},{"@type":"WebPage","@id":"https:\/\/www.todoenbelleza.es\/estoy-envejeciendo\/","url":"https:\/\/www.todoenbelleza.es\/estoy-envejeciendo\/","name":"\u00bf Estoy envejeciendo...?","isPartOf":{"@id":"https:\/\/www.todoenbelleza.es\/#website"},"datePublished":"2013-06-12T22:25:43+00:00","dateModified":"2013-06-12T22:25:43+00:00","breadcrumb":{"@id":"https:\/\/www.todoenbelleza.es\/estoy-envejeciendo\/#breadcrumb"},"inLanguage":"en-GB","potentialAction":[{"@type":"ReadAction","target":["https:\/\/www.todoenbelleza.es\/estoy-envejeciendo\/"]}]},{"@type":"BreadcrumbList","@id":"https:\/\/www.todoenbelleza.es\/estoy-envejeciendo\/#breadcrumb","itemListElement":[{"@type":"ListItem","position":1,"name":"Portada","item":"https:\/\/www.todoenbelleza.es\/"},{"@type":"ListItem","position":2,"name":"\u00bf Estoy envejeciendo&#8230;?"}]},{"@type":"WebSite","@id":"https:\/\/www.todoenbelleza.es\/#website","url":"https:\/\/www.todoenbelleza.es\/","name":"Todo en Belleza con Cuca Miquel","description":"Centro de belleza y medicina est\u00e9tica en Madrid","publisher":{"@id":"https:\/\/www.todoenbelleza.es\/#organization"},"potentialAction":[{"@type":"SearchAction","target":{"@type":"EntryPoint","urlTemplate":"https:\/\/www.todoenbelleza.es\/?s={search_term_string}"},"query-input":"required name=search_term_string"}],"inLanguage":"en-GB"},{"@type":"Organization","@id":"https:\/\/www.todoenbelleza.es\/#organization","name":"Todo en Belleza con Cuca Miquel","url":"https:\/\/www.todoenbelleza.es\/","logo":{"@type":"ImageObject","inLanguage":"en-GB","@id":"https:\/\/www.todoenbelleza.es\/#\/schema\/logo\/image\/","url":"https:\/\/www.todoenbelleza.es\/wp-content\/uploads\/2023\/02\/logocabecera.png","contentUrl":"https:\/\/www.todoenbelleza.es\/wp-content\/uploads\/2023\/02\/logocabecera.png","width":311,"height":60,"caption":"Todo en Belleza con Cuca Miquel"},"image":{"@id":"https:\/\/www.todoenbelleza.es\/#\/schema\/logo\/image\/"},"sameAs":["https:\/\/www.facebook.com\/www.todoenbelleza.es\/","https:\/\/twitter.com\/todoenbelleza1","https:\/\/www.instagram.com\/todo.en.belleza_cucamiquel\/"]},{"@type":"Person","@id":"https:\/\/www.todoenbelleza.es\/#\/schema\/person\/d076b133fc382646eeef3e15e4e5ed6e","name":"Todo en Belleza","image":{"@type":"ImageObject","inLanguage":"en-GB","@id":"https:\/\/www.todoenbelleza.es\/#\/schema\/person\/image\/","url":"https:\/\/www.todoenbelleza.es\/wp-content\/uploads\/2022\/05\/cropped-icono.png","contentUrl":"https:\/\/www.todoenbelleza.es\/wp-content\/uploads\/2022\/05\/cropped-icono.png","caption":"Todo en Belleza"},"description":"Sabemos mucho de belleza. Pero en lo que somos expertos, es en ti. Nos avalan m\u00e1s de 20 a\u00f1os de experiencia a tu servicio ofreci\u00e9ndote las t\u00e9cnicas m\u00e1s avanzadas y el trato m\u00e1s exquisito."}]}},"_links":{"self":[{"href":"https:\/\/www.todoenbelleza.es\/en\/wp-json\/wp\/v2\/posts\/1458"}],"collection":[{"href":"https:\/\/www.todoenbelleza.es\/en\/wp-json\/wp\/v2\/posts"}],"about":[{"href":"https:\/\/www.todoenbelleza.es\/en\/wp-json\/wp\/v2\/types\/post"}],"author":[{"embeddable":true,"href":"https:\/\/www.todoenbelleza.es\/en\/wp-json\/wp\/v2\/users\/1"}],"replies":[{"embeddable":true,"href":"https:\/\/www.todoenbelleza.es\/en\/wp-json\/wp\/v2\/comments?post=1458"}],"version-history":[{"count":0,"href":"https:\/\/www.todoenbelleza.es\/en\/wp-json\/wp\/v2\/posts\/1458\/revisions"}],"wp:featuredmedia":[{"embeddable":true,"href":"https:\/\/www.todoenbelleza.es\/en\/wp-json\/wp\/v2\/media\/1480"}],"wp:attachment":[{"href":"https:\/\/www.todoenbelleza.es\/en\/wp-json\/wp\/v2\/media?parent=1458"}],"wp:term":[{"taxonomy":"category","embeddable":true,"href":"https:\/\/www.todoenbelleza.es\/en\/wp-json\/wp\/v2\/categories?post=1458"},{"taxonomy":"post_tag","embeddable":true,"href":"https:\/\/www.todoenbelleza.es\/en\/wp-json\/wp\/v2\/tags?post=1458"}],"curies":[{"name":"wp","href":"https:\/\/api.w.org\/{rel}","templated":true}]}}