{"id":1403,"date":"2013-05-21T20:47:37","date_gmt":"2013-05-21T20:47:37","guid":{"rendered":"http:\/\/www.todoenbelleza.es\/?p=1403"},"modified":"2013-05-21T20:47:37","modified_gmt":"2013-05-21T20:47:37","slug":"lo-de-verdad-te-importa","status":"publish","type":"post","link":"https:\/\/www.todoenbelleza.es\/en\/lo-de-verdad-te-importa\/","title":{"rendered":"Lo que de verdad te importa"},"content":{"rendered":"<p>Lo que de verdad nos importa es mirarnos al espejo y reconocernos, que la imagen que proyecte el espejo coincida con la que guardamos en nuestra mente como propia.<\/p>\n<p>No importa que pasen a\u00f1os en nuestro calendario particular, lo que importa es que la imagen detr\u00e1s del cristal\u00a0sea siempre nuestra propia imagen , y&#8230; aqui es la pregunta del mill\u00f3n\u00bf como se consigue? respuesta: THERMAGE CPT.<\/p>\n<p>Solo el Thermage cpt \u00a0hecho a tiempo, cuando la flacidez comienza a manifestarse en tu rostro, cuando el surco nasogeniano que siempre estuvo en tu rostro, ahora tiene una imagen diferente,te marca a\u00f1os, ello es debido a que ha aparecido la flacidez en tus mejillas, empieza a desmarcarse el p\u00f3mulo tan juvenil que ten\u00edas antes y el ovalo facial pierde su forma ovalada empezando a confundirse con el cuello;\u00a0 es en ese momento cuando\u00a0debes tomar una decisi\u00f3n inteligente HE DE HACERME UN THERMAGE\u00a0CPT ,\u00a0 ya que en el momento en \u00a0que te realices un Thermage dejar\u00e1s de envejecer y durante tres a\u00f1os apareceras fresca y juvenil como aquel dia que guardaste tu imagen juvenil en tu mente y cuya imagen ser\u00e1 imborrable por siempre jam\u00e1s.<\/p>\n<p>Ya sabes, no es promesa bald\u00eda, es realidad, el Thermage CPT te devolver\u00e1 la imagen de varios a\u00f1os atr\u00e1s y durante los tres a\u00f1os siguientes dejar\u00e1s de envejecer.<\/p>\n<p>Dra Silvestre<\/p>","protected":false},"excerpt":{"rendered":"<p>Lo que de verdad nos importa es mirarnos al espejo y reconocernos, que la imagen que proyecte el espejo coincida con la que guardamos en nuestra mente como propia. No importa que pasen a\u00f1os en nuestro calendario particular, lo que importa es que la imagen detr\u00e1s del cristal\u00a0sea siempre nuestra propia imagen , y&#8230; aqui [&hellip;]<\/p>","protected":false},"author":1,"featured_media":893,"comment_status":"open","ping_status":"closed","sticky":false,"template":"","format":"standard","meta":{"_et_pb_use_builder":"","_et_pb_old_content":"","_et_gb_content_width":"","_joinchat":[]},"categories":[138],"tags":[156,161,160,159,155],"yoast_head":"<!-- This site is optimized with the Yoast SEO plugin v20.10 - https:\/\/yoast.com\/wordpress\/plugins\/seo\/ -->\n<title>Lo que de verdad te importa<\/title>\n<meta name=\"robots\" content=\"index, follow, max-snippet:-1, max-image-preview:large, max-video-preview:-1\" \/>\n<link rel=\"canonical\" href=\"https:\/\/www.todoenbelleza.es\/en\/lo-de-verdad-te-importa\/\" \/>\n<meta property=\"og:locale\" content=\"en_GB\" \/>\n<meta property=\"og:type\" content=\"article\" \/>\n<meta property=\"og:title\" content=\"Lo que de verdad te importa\" \/>\n<meta property=\"og:description\" content=\"Lo que de verdad nos importa es mirarnos al espejo y reconocernos, que la imagen que proyecte el espejo coincida con la que guardamos en nuestra mente como propia. No importa que pasen a\u00f1os en nuestro calendario particular, lo que importa es que la imagen detr\u00e1s del cristal\u00a0sea siempre nuestra propia imagen , y&#8230; aqui [&hellip;]\" \/>\n<meta property=\"og:url\" content=\"https:\/\/www.todoenbelleza.es\/en\/lo-de-verdad-te-importa\/\" \/>\n<meta property=\"og:site_name\" content=\"Todo en Belleza con Cuca Miquel\" \/>\n<meta property=\"article:publisher\" content=\"https:\/\/www.facebook.com\/www.todoenbelleza.es\/\" \/>\n<meta property=\"article:published_time\" content=\"2013-05-21T20:47:37+00:00\" \/>\n<meta property=\"og:image\" content=\"https:\/\/www.todoenbelleza.es\/wp-content\/uploads\/2012\/11\/0010741102H-5616x3744-e1352235998221.jpg\" \/>\n\t<meta property=\"og:image:width\" content=\"1000\" \/>\n\t<meta property=\"og:image:height\" content=\"400\" \/>\n\t<meta property=\"og:image:type\" content=\"image\/jpeg\" \/>\n<meta name=\"author\" content=\"Todo en Belleza\" \/>\n<meta name=\"twitter:card\" content=\"summary_large_image\" \/>\n<meta name=\"twitter:creator\" content=\"@todoenbelleza1\" \/>\n<meta name=\"twitter:site\" content=\"@todoenbelleza1\" \/>\n<meta name=\"twitter:label1\" content=\"Written by\" \/>\n\t<meta name=\"twitter:data1\" content=\"Todo en Belleza\" \/>\n\t<meta name=\"twitter:label2\" content=\"Estimated reading time\" \/>\n\t<meta name=\"twitter:data2\" content=\"1 minute\" \/>\n<!-- \/ Yoast SEO plugin. -->","yoast_head_json":{"title":"Lo que de verdad te importa","robots":{"index":"index","follow":"follow","max-snippet":"max-snippet:-1","max-image-preview":"max-image-preview:large","max-video-preview":"max-video-preview:-1"},"canonical":"https:\/\/www.todoenbelleza.es\/en\/lo-de-verdad-te-importa\/","og_locale":"en_GB","og_type":"article","og_title":"Lo que de verdad te importa","og_description":"Lo que de verdad nos importa es mirarnos al espejo y reconocernos, que la imagen que proyecte el espejo coincida con la que guardamos en nuestra mente como propia. No importa que pasen a\u00f1os en nuestro calendario particular, lo que importa es que la imagen detr\u00e1s del cristal\u00a0sea siempre nuestra propia imagen , y&#8230; aqui [&hellip;]","og_url":"https:\/\/www.todoenbelleza.es\/en\/lo-de-verdad-te-importa\/","og_site_name":"Todo en Belleza con Cuca Miquel","article_publisher":"https:\/\/www.facebook.com\/www.todoenbelleza.es\/","article_published_time":"2013-05-21T20:47:37+00:00","og_image":[{"width":1000,"height":400,"url":"https:\/\/www.todoenbelleza.es\/wp-content\/uploads\/2012\/11\/0010741102H-5616x3744-e1352235998221.jpg","type":"image\/jpeg"}],"author":"Todo en Belleza","twitter_card":"summary_large_image","twitter_creator":"@todoenbelleza1","twitter_site":"@todoenbelleza1","twitter_misc":{"Written by":"Todo en Belleza","Estimated reading time":"1 minute"},"schema":{"@context":"https:\/\/schema.org","@graph":[{"@type":"Article","@id":"https:\/\/www.todoenbelleza.es\/lo-de-verdad-te-importa\/#article","isPartOf":{"@id":"https:\/\/www.todoenbelleza.es\/lo-de-verdad-te-importa\/"},"author":{"name":"Todo en Belleza","@id":"https:\/\/www.todoenbelleza.es\/#\/schema\/person\/d076b133fc382646eeef3e15e4e5ed6e"},"headline":"Lo que de verdad te importa","datePublished":"2013-05-21T20:47:37+00:00","dateModified":"2013-05-21T20:47:37+00:00","mainEntityOfPage":{"@id":"https:\/\/www.todoenbelleza.es\/lo-de-verdad-te-importa\/"},"wordCount":244,"commentCount":0,"publisher":{"@id":"https:\/\/www.todoenbelleza.es\/#organization"},"keywords":["#flaccidez","#ovaloFacial","#surcoNasogeniano","#thermage","#thermageCPT"],"articleSection":["Prensa y colaboraciones"],"inLanguage":"en-GB","potentialAction":[{"@type":"CommentAction","name":"Comment","target":["https:\/\/www.todoenbelleza.es\/lo-de-verdad-te-importa\/#respond"]}]},{"@type":"WebPage","@id":"https:\/\/www.todoenbelleza.es\/lo-de-verdad-te-importa\/","url":"https:\/\/www.todoenbelleza.es\/lo-de-verdad-te-importa\/","name":"Lo que de verdad te importa","isPartOf":{"@id":"https:\/\/www.todoenbelleza.es\/#website"},"datePublished":"2013-05-21T20:47:37+00:00","dateModified":"2013-05-21T20:47:37+00:00","breadcrumb":{"@id":"https:\/\/www.todoenbelleza.es\/lo-de-verdad-te-importa\/#breadcrumb"},"inLanguage":"en-GB","potentialAction":[{"@type":"ReadAction","target":["https:\/\/www.todoenbelleza.es\/lo-de-verdad-te-importa\/"]}]},{"@type":"BreadcrumbList","@id":"https:\/\/www.todoenbelleza.es\/lo-de-verdad-te-importa\/#breadcrumb","itemListElement":[{"@type":"ListItem","position":1,"name":"Portada","item":"https:\/\/www.todoenbelleza.es\/"},{"@type":"ListItem","position":2,"name":"Lo que de verdad te importa"}]},{"@type":"WebSite","@id":"https:\/\/www.todoenbelleza.es\/#website","url":"https:\/\/www.todoenbelleza.es\/","name":"Todo en Belleza con Cuca Miquel","description":"Centro de belleza y medicina est\u00e9tica en Madrid","publisher":{"@id":"https:\/\/www.todoenbelleza.es\/#organization"},"potentialAction":[{"@type":"SearchAction","target":{"@type":"EntryPoint","urlTemplate":"https:\/\/www.todoenbelleza.es\/?s={search_term_string}"},"query-input":"required name=search_term_string"}],"inLanguage":"en-GB"},{"@type":"Organization","@id":"https:\/\/www.todoenbelleza.es\/#organization","name":"Todo en Belleza con Cuca Miquel","url":"https:\/\/www.todoenbelleza.es\/","logo":{"@type":"ImageObject","inLanguage":"en-GB","@id":"https:\/\/www.todoenbelleza.es\/#\/schema\/logo\/image\/","url":"https:\/\/www.todoenbelleza.es\/wp-content\/uploads\/2023\/02\/logocabecera.png","contentUrl":"https:\/\/www.todoenbelleza.es\/wp-content\/uploads\/2023\/02\/logocabecera.png","width":311,"height":60,"caption":"Todo en Belleza con Cuca Miquel"},"image":{"@id":"https:\/\/www.todoenbelleza.es\/#\/schema\/logo\/image\/"},"sameAs":["https:\/\/www.facebook.com\/www.todoenbelleza.es\/","https:\/\/twitter.com\/todoenbelleza1","https:\/\/www.instagram.com\/todo.en.belleza_cucamiquel\/"]},{"@type":"Person","@id":"https:\/\/www.todoenbelleza.es\/#\/schema\/person\/d076b133fc382646eeef3e15e4e5ed6e","name":"Todo en Belleza","image":{"@type":"ImageObject","inLanguage":"en-GB","@id":"https:\/\/www.todoenbelleza.es\/#\/schema\/person\/image\/","url":"https:\/\/www.todoenbelleza.es\/wp-content\/uploads\/2022\/05\/cropped-icono.png","contentUrl":"https:\/\/www.todoenbelleza.es\/wp-content\/uploads\/2022\/05\/cropped-icono.png","caption":"Todo en Belleza"},"description":"Sabemos mucho de belleza. Pero en lo que somos expertos, es en ti. Nos avalan m\u00e1s de 20 a\u00f1os de experiencia a tu servicio ofreci\u00e9ndote las t\u00e9cnicas m\u00e1s avanzadas y el trato m\u00e1s exquisito."}]}},"_links":{"self":[{"href":"https:\/\/www.todoenbelleza.es\/en\/wp-json\/wp\/v2\/posts\/1403"}],"collection":[{"href":"https:\/\/www.todoenbelleza.es\/en\/wp-json\/wp\/v2\/posts"}],"about":[{"href":"https:\/\/www.todoenbelleza.es\/en\/wp-json\/wp\/v2\/types\/post"}],"author":[{"embeddable":true,"href":"https:\/\/www.todoenbelleza.es\/en\/wp-json\/wp\/v2\/users\/1"}],"replies":[{"embeddable":true,"href":"https:\/\/www.todoenbelleza.es\/en\/wp-json\/wp\/v2\/comments?post=1403"}],"version-history":[{"count":0,"href":"https:\/\/www.todoenbelleza.es\/en\/wp-json\/wp\/v2\/posts\/1403\/revisions"}],"wp:featuredmedia":[{"embeddable":true,"href":"https:\/\/www.todoenbelleza.es\/en\/wp-json\/wp\/v2\/media\/893"}],"wp:attachment":[{"href":"https:\/\/www.todoenbelleza.es\/en\/wp-json\/wp\/v2\/media?parent=1403"}],"wp:term":[{"taxonomy":"category","embeddable":true,"href":"https:\/\/www.todoenbelleza.es\/en\/wp-json\/wp\/v2\/categories?post=1403"},{"taxonomy":"post_tag","embeddable":true,"href":"https:\/\/www.todoenbelleza.es\/en\/wp-json\/wp\/v2\/tags?post=1403"}],"curies":[{"name":"wp","href":"https:\/\/api.w.org\/{rel}","templated":true}]}}