{"id":13025,"date":"2016-09-21T21:57:24","date_gmt":"2016-09-21T21:57:24","guid":{"rendered":"http:\/\/www.todoenbelleza.es\/?p=9746"},"modified":"2023-08-08T11:24:02","modified_gmt":"2023-08-08T11:24:02","slug":"alexandre-cosmetic-cuida-de-mi-pelo","status":"publish","type":"post","link":"https:\/\/www.todoenbelleza.es\/en\/alexandre-cosmetic-cuida-de-mi-pelo\/","title":{"rendered":"Alexandre Cosmetic cuida de mi pelo"},"content":{"rendered":"<p style=\"text-align: justify;\">Mi pelo, larga batalla la m\u00eda.<\/p>\n<p style=\"text-align: justify;\">Tengo el pelo liso, fino y los a\u00f1os pasan factura, ya que me he dado cuenta de que aun lo tengo mas fragilizado que antes, se rompe con facilidad y me cuesta mucho que crezca.<\/p>\n<p style=\"text-align: justify;\">Llevo mucho a\u00f1os de tintes, mechas, planchas, champo de supermercados, hasta que un d\u00eda me di cuenta que si yo vend\u00eda cosm\u00e9tica y era mejor que la venden en farmacias y supermercados en el mundo del cuidado capilar deb\u00eda pasar lo mismo, \u00a0no pod\u00eda ser lo mismo un champo de s\u00faper que uno de una tienda profesional.<\/p>\n<p style=\"text-align: justify;\">Por lo que de un tiempo a esta parte me dejaba asesorar en cuanto al cuidado capilar.<\/p>\n<p style=\"text-align: justify;\">Pero ahora he ido un paso mas. La semana pasada fue la Gala de elecci\u00f3n de Miss World Spain 2016 y tuve la suerte de coincidir con el equipo de Alexandre Cosmetic, empresa dedicada al cuidado capilar residente en Martorell y que participaba cuidando del pelo de las candidatas a ser elegida Miss World Spain 2016.<\/p>\n<p style=\"text-align: justify;\">Pero casi sin quererlo y desde luego sin pedirlo, <em>Liliana Turizo<\/em> una maquilladora del certamen me ofreci\u00f3 unos mimos, normalmente soy yo la que cuido a los clientes y ahora me convert\u00eda en una ni\u00f1a mimada y ante tal ofrecimiento, me deje querer.<\/p>\n<p style=\"text-align: justify;\"><img decoding=\"async\" loading=\"lazy\" class=\"aligncenter wp-image-9752 size-medium\" src=\"http:\/\/www.todoenbelleza.es\/wp-content\/uploads\/2016\/09\/IMG_20160916_002109-350x350.jpg\" alt=\"img_20160916_002109\" width=\"350\" height=\"350\" \/><\/p>\n<p style=\"text-align: justify;\">Me atendi\u00f3 Jessica en una peluqueria improvisada en una de las habitaciones del hotel donde est\u00e1bamos alojadas y haciendo gala de una seguridad en si misma envidiable me aplico un producto llamado:<\/p>\n<p style=\"text-align: justify;\"><strong>&#8220;Instant Potion&#8221; :<\/strong> con keratina, Ginseng y macadamia.<\/p>\n<p style=\"text-align: justify;\"><img decoding=\"async\" loading=\"lazy\" class=\"aligncenter wp-image-9754 size-large\" src=\"http:\/\/www.todoenbelleza.es\/wp-content\/uploads\/2016\/09\/20160915_1840031-500x281.jpg\" alt=\"20160915_184003\" width=\"500\" height=\"281\" \/><\/p>\n<p style=\"text-align: justify;\">El resultado fue espectacular, mi pelo, aun fino, dejo de ser fr\u00e1gil, adquiri\u00f3 un aspecto luminoso y brillante, resaltando mis mechas y sellando mis puntas.<\/p>\n<p style=\"text-align: justify;\">Os aseguro que no he conocido producto igual, si ten\u00e9is la oportunidad de probarlo no lo dud\u00e9is, ademas me regalaron un set muy completo de productos que ya ir\u00e9 probando y os ir\u00e9 contando mi opini\u00f3n<\/p>\n<p style=\"text-align: justify;\"><a href=\"http:\/\/www.alexandrecosmetics.com\/es\/productos\/treatment_instant_potion_Alexandre_Cosmetics.htm\">http:\/\/www.alexandrecosmetics.com\/es\/productos\/treatment_instant_potion_Alexandre_Cosmetics.htm<\/a><\/p>\n<p>&nbsp;<\/p>\n<p style=\"text-align: justify;\">","protected":false},"excerpt":{"rendered":"<p>Mi pelo, larga batalla la m\u00eda. Tengo el pelo liso, fino y los a\u00f1os pasan factura, ya que me he dado cuenta de que aun lo tengo mas fragilizado que antes, se rompe con facilidad y me cuesta mucho que crezca. Llevo mucho a\u00f1os de tintes, mechas, planchas, champo de supermercados, hasta que un d\u00eda [&hellip;]<\/p>","protected":false},"author":3,"featured_media":10445,"comment_status":"open","ping_status":"closed","sticky":false,"template":"","format":"standard","meta":{"_et_pb_use_builder":"","_et_pb_old_content":"","_et_gb_content_width":"","_joinchat":[]},"categories":[138],"tags":[440,441,442],"yoast_head":"<!-- This site is optimized with the Yoast SEO plugin v20.10 - https:\/\/yoast.com\/wordpress\/plugins\/seo\/ -->\n<title>Alexandre Cosmetic cuida de mi pelo<\/title>\n<meta name=\"description\" content=\"El resultado fue espectacular, mi pelo, aun fino, dejo de ser fr\u00e1gil, adquiri\u00f3 un aspecto luminoso y brillante, resaltando mis mechas y sellando mis puntas.\" \/>\n<meta name=\"robots\" content=\"index, follow, max-snippet:-1, max-image-preview:large, max-video-preview:-1\" \/>\n<link rel=\"canonical\" href=\"https:\/\/www.todoenbelleza.es\/en\/alexandre-cosmetic-cuida-de-mi-pelo\/\" \/>\n<meta property=\"og:locale\" content=\"en_GB\" \/>\n<meta property=\"og:type\" content=\"article\" \/>\n<meta property=\"og:title\" content=\"Alexandre Cosmetic cuida de mi pelo\" \/>\n<meta property=\"og:description\" content=\"El resultado fue espectacular, mi pelo, aun fino, dejo de ser fr\u00e1gil, adquiri\u00f3 un aspecto luminoso y brillante, resaltando mis mechas y sellando mis puntas.\" \/>\n<meta property=\"og:url\" content=\"https:\/\/www.todoenbelleza.es\/en\/alexandre-cosmetic-cuida-de-mi-pelo\/\" \/>\n<meta property=\"og:site_name\" content=\"Todo en Belleza con Cuca Miquel\" \/>\n<meta property=\"article:publisher\" content=\"https:\/\/www.facebook.com\/www.todoenbelleza.es\/\" \/>\n<meta property=\"article:published_time\" content=\"2016-09-21T21:57:24+00:00\" \/>\n<meta property=\"article:modified_time\" content=\"2023-08-08T11:24:02+00:00\" \/>\n<meta property=\"og:image\" content=\"https:\/\/www.todoenbelleza.es\/wp-content\/uploads\/2016\/09\/Dollarphotoclub_102667052.jpg\" \/>\n\t<meta property=\"og:image:width\" content=\"700\" \/>\n\t<meta property=\"og:image:height\" content=\"525\" \/>\n\t<meta property=\"og:image:type\" content=\"image\/jpeg\" \/>\n<meta name=\"author\" content=\"Cuca Miquel\" \/>\n<meta name=\"twitter:card\" content=\"summary_large_image\" \/>\n<meta name=\"twitter:creator\" content=\"@todoenbelleza1\" \/>\n<meta name=\"twitter:site\" content=\"@todoenbelleza1\" \/>\n<meta name=\"twitter:label1\" content=\"Written by\" \/>\n\t<meta name=\"twitter:data1\" content=\"Cuca Miquel\" \/>\n\t<meta name=\"twitter:label2\" content=\"Estimated reading time\" \/>\n\t<meta name=\"twitter:data2\" content=\"2 minutes\" \/>\n<!-- \/ Yoast SEO plugin. -->","yoast_head_json":{"title":"Alexandre Cosmetic cuida de mi pelo","description":"El resultado fue espectacular, mi pelo, aun fino, dejo de ser fr\u00e1gil, adquiri\u00f3 un aspecto luminoso y brillante, resaltando mis mechas y sellando mis puntas.","robots":{"index":"index","follow":"follow","max-snippet":"max-snippet:-1","max-image-preview":"max-image-preview:large","max-video-preview":"max-video-preview:-1"},"canonical":"https:\/\/www.todoenbelleza.es\/en\/alexandre-cosmetic-cuida-de-mi-pelo\/","og_locale":"en_GB","og_type":"article","og_title":"Alexandre Cosmetic cuida de mi pelo","og_description":"El resultado fue espectacular, mi pelo, aun fino, dejo de ser fr\u00e1gil, adquiri\u00f3 un aspecto luminoso y brillante, resaltando mis mechas y sellando mis puntas.","og_url":"https:\/\/www.todoenbelleza.es\/en\/alexandre-cosmetic-cuida-de-mi-pelo\/","og_site_name":"Todo en Belleza con Cuca Miquel","article_publisher":"https:\/\/www.facebook.com\/www.todoenbelleza.es\/","article_published_time":"2016-09-21T21:57:24+00:00","article_modified_time":"2023-08-08T11:24:02+00:00","og_image":[{"width":700,"height":525,"url":"https:\/\/www.todoenbelleza.es\/wp-content\/uploads\/2016\/09\/Dollarphotoclub_102667052.jpg","type":"image\/jpeg"}],"author":"Cuca Miquel","twitter_card":"summary_large_image","twitter_creator":"@todoenbelleza1","twitter_site":"@todoenbelleza1","twitter_misc":{"Written by":"Cuca Miquel","Estimated reading time":"2 minutes"},"schema":{"@context":"https:\/\/schema.org","@graph":[{"@type":"Article","@id":"https:\/\/www.todoenbelleza.es\/alexandre-cosmetic-cuida-de-mi-pelo\/#article","isPartOf":{"@id":"https:\/\/www.todoenbelleza.es\/alexandre-cosmetic-cuida-de-mi-pelo\/"},"author":{"name":"Cuca Miquel","@id":"https:\/\/www.todoenbelleza.es\/#\/schema\/person\/fae9b2b97a472cb884ad9155d65b8465"},"headline":"Alexandre Cosmetic cuida de mi pelo","datePublished":"2016-09-21T21:57:24+00:00","dateModified":"2023-08-08T11:24:02+00:00","mainEntityOfPage":{"@id":"https:\/\/www.todoenbelleza.es\/alexandre-cosmetic-cuida-de-mi-pelo\/"},"wordCount":348,"commentCount":0,"publisher":{"@id":"https:\/\/www.todoenbelleza.es\/#organization"},"keywords":["#cuidadosCapilares","#peloFino","#peloFragil"],"articleSection":["Prensa y colaboraciones"],"inLanguage":"en-GB","potentialAction":[{"@type":"CommentAction","name":"Comment","target":["https:\/\/www.todoenbelleza.es\/alexandre-cosmetic-cuida-de-mi-pelo\/#respond"]}]},{"@type":"WebPage","@id":"https:\/\/www.todoenbelleza.es\/alexandre-cosmetic-cuida-de-mi-pelo\/","url":"https:\/\/www.todoenbelleza.es\/alexandre-cosmetic-cuida-de-mi-pelo\/","name":"Alexandre Cosmetic cuida de mi pelo","isPartOf":{"@id":"https:\/\/www.todoenbelleza.es\/#website"},"datePublished":"2016-09-21T21:57:24+00:00","dateModified":"2023-08-08T11:24:02+00:00","description":"El resultado fue espectacular, mi pelo, aun fino, dejo de ser fr\u00e1gil, adquiri\u00f3 un aspecto luminoso y brillante, resaltando mis mechas y sellando mis puntas.","breadcrumb":{"@id":"https:\/\/www.todoenbelleza.es\/alexandre-cosmetic-cuida-de-mi-pelo\/#breadcrumb"},"inLanguage":"en-GB","potentialAction":[{"@type":"ReadAction","target":["https:\/\/www.todoenbelleza.es\/alexandre-cosmetic-cuida-de-mi-pelo\/"]}]},{"@type":"BreadcrumbList","@id":"https:\/\/www.todoenbelleza.es\/alexandre-cosmetic-cuida-de-mi-pelo\/#breadcrumb","itemListElement":[{"@type":"ListItem","position":1,"name":"Portada","item":"https:\/\/www.todoenbelleza.es\/"},{"@type":"ListItem","position":2,"name":"Alexandre Cosmetic cuida de mi pelo"}]},{"@type":"WebSite","@id":"https:\/\/www.todoenbelleza.es\/#website","url":"https:\/\/www.todoenbelleza.es\/","name":"Todo en Belleza con Cuca Miquel","description":"Centro de belleza y medicina est\u00e9tica en Madrid","publisher":{"@id":"https:\/\/www.todoenbelleza.es\/#organization"},"potentialAction":[{"@type":"SearchAction","target":{"@type":"EntryPoint","urlTemplate":"https:\/\/www.todoenbelleza.es\/?s={search_term_string}"},"query-input":"required name=search_term_string"}],"inLanguage":"en-GB"},{"@type":"Organization","@id":"https:\/\/www.todoenbelleza.es\/#organization","name":"Todo en Belleza con Cuca Miquel","url":"https:\/\/www.todoenbelleza.es\/","logo":{"@type":"ImageObject","inLanguage":"en-GB","@id":"https:\/\/www.todoenbelleza.es\/#\/schema\/logo\/image\/","url":"https:\/\/www.todoenbelleza.es\/wp-content\/uploads\/2023\/02\/logocabecera.png","contentUrl":"https:\/\/www.todoenbelleza.es\/wp-content\/uploads\/2023\/02\/logocabecera.png","width":311,"height":60,"caption":"Todo en Belleza con Cuca Miquel"},"image":{"@id":"https:\/\/www.todoenbelleza.es\/#\/schema\/logo\/image\/"},"sameAs":["https:\/\/www.facebook.com\/www.todoenbelleza.es\/","https:\/\/twitter.com\/todoenbelleza1","https:\/\/www.instagram.com\/todo.en.belleza_cucamiquel\/"]},{"@type":"Person","@id":"https:\/\/www.todoenbelleza.es\/#\/schema\/person\/fae9b2b97a472cb884ad9155d65b8465","name":"Cuca Miquel","image":{"@type":"ImageObject","inLanguage":"en-GB","@id":"https:\/\/www.todoenbelleza.es\/#\/schema\/person\/image\/","url":"https:\/\/www.todoenbelleza.es\/wp-content\/uploads\/2023\/02\/cuca_cremas_2.jpg","contentUrl":"https:\/\/www.todoenbelleza.es\/wp-content\/uploads\/2023\/02\/cuca_cremas_2.jpg","caption":"Cuca Miquel"},"description":"Master en Formulaci\u00f3n Cosm\u00e9tica, Experta Universitaria en Cosm\u00e9tica y Dermofarmacia, Experta Universitaria en Microbiota de la Piel, Master en Imagen Personal, Master ADE, Licenciada en Derecho. Especialista en acn\u00e9, ros\u00e1cea y envejecimiento."}]}},"_links":{"self":[{"href":"https:\/\/www.todoenbelleza.es\/en\/wp-json\/wp\/v2\/posts\/13025"}],"collection":[{"href":"https:\/\/www.todoenbelleza.es\/en\/wp-json\/wp\/v2\/posts"}],"about":[{"href":"https:\/\/www.todoenbelleza.es\/en\/wp-json\/wp\/v2\/types\/post"}],"author":[{"embeddable":true,"href":"https:\/\/www.todoenbelleza.es\/en\/wp-json\/wp\/v2\/users\/3"}],"replies":[{"embeddable":true,"href":"https:\/\/www.todoenbelleza.es\/en\/wp-json\/wp\/v2\/comments?post=13025"}],"version-history":[{"count":0,"href":"https:\/\/www.todoenbelleza.es\/en\/wp-json\/wp\/v2\/posts\/13025\/revisions"}],"wp:featuredmedia":[{"embeddable":true,"href":"https:\/\/www.todoenbelleza.es\/en\/wp-json\/wp\/v2\/media\/10445"}],"wp:attachment":[{"href":"https:\/\/www.todoenbelleza.es\/en\/wp-json\/wp\/v2\/media?parent=13025"}],"wp:term":[{"taxonomy":"category","embeddable":true,"href":"https:\/\/www.todoenbelleza.es\/en\/wp-json\/wp\/v2\/categories?post=13025"},{"taxonomy":"post_tag","embeddable":true,"href":"https:\/\/www.todoenbelleza.es\/en\/wp-json\/wp\/v2\/tags?post=13025"}],"curies":[{"name":"wp","href":"https:\/\/api.w.org\/{rel}","templated":true}]}}