{"id":13023,"date":"2016-09-03T15:09:21","date_gmt":"2016-09-03T15:09:21","guid":{"rendered":"http:\/\/www.todoenbelleza.es\/?p=9698"},"modified":"2023-08-08T11:24:06","modified_gmt":"2023-08-08T11:24:06","slug":"tratamiento-post-verano-cuidar-la-piel","status":"publish","type":"post","link":"https:\/\/www.todoenbelleza.es\/en\/tratamiento-post-verano-cuidar-la-piel\/","title":{"rendered":"Tratamiento Post Verano para cuidar la piel"},"content":{"rendered":"<p style=\"text-align: justify;\">Llevo d\u00edas viendo en facebook, instagram y en todas las revistas los mismos consejos: <span style=\"font-weight: 400;\">\u201cCuidate despues del verano\u2026 exfolia la piel, hidr\u00e1tala\u201d. Yo har\u00e9 lo mismo, os dar\u00e9 el mismo consejo, ya que es verdad, hay que cuidar la piel, que despu\u00e9s del verano viene fatigada, viene asfixiada porque no solo \u00a0la exponemos \u00a0a los rayos del sol, al cloro de la piscina, sino tambi\u00e9n a h\u00e1bitos como salir mas, trasnochar, ingerir mas alcohol y comer menos sano.<\/span><\/p>\n<h2>Cuidar la piel despu\u00e9s del verano<\/h2>\n<p><span style=\"font-weight: 400;\">Pero yo os hablar\u00e9 de C\u00f3mo:<\/span><\/p>\n<p><span style=\"font-weight: 400;\">A mi no me vale cualquier tratamiento<\/span><b> post-verano de exfoliaci\u00f3n:<\/b><\/p>\n<p style=\"text-align: justify;\"><span style=\"font-weight: 400;\">Nosotros durante todo el a\u00f1o exfoliamos en nuestros centros con \u00e1cidos frutales que son muy suaves y eficaces pero son \u00e1cidos al fin y al cabo. Y ahora despu\u00e9s del verano, no uso estos \u00e1cidos sobre una piel da\u00f1ada por el sol, fatigada porque podr\u00eda irritarla m\u00e1s y lo que buscamos en restaurarla, mimarla no agredirla.<\/span><\/p>\n<p><span style=\"font-weight: 400;\">Por eso en <\/span><b>Todo en Belleza<\/b><span style=\"font-weight: 400;\"> usamos <\/span><b>Miel.<\/b><\/p>\n<p style=\"text-align: justify;\"><span style=\"font-weight: 400;\">La miel tiene un alto poder anti-bacteriano y anti-f\u00fangico, que adem\u00e1s nos ayuda a reparar la piel y a restaurarla. Con un alto poder anti-inflamatorio y muy calmante.<\/span><\/p>\n<p><span style=\"font-weight: 400;\">Y la combinamos:<\/span><\/p>\n<ol>\n<li><span style=\"font-weight: 400;\">Con Aceite de Almendras y Micro part\u00cdculas de Almendra que actuar\u00e1 como peeling \u00a0mec\u00e1nico en caso de pieles muy secas.<\/span><\/li>\n<li><span style=\"font-weight: 400;\">Con Extracto de Papaya y T\u00e9 Verde en caso de una piel normal o mixta.<\/span><\/li>\n<\/ol>\n<p><span style=\"font-weight: 400;\">Y si eso fuera poco, el tratamiento tiene un alto porcentaje en Cera de Abejas que har\u00e1 que la hidrataci\u00f3n que apliquemos a trav\u00e9s de los sueros adaptados a cada tipo de piel dure mas tiempo por el poder humectante de la cera.<\/span><\/p>\n<p><span style=\"font-weight: 400;\">Por lo tanto, despu\u00e9s del verano <\/span><b>no vale cualquier peeling.<\/b><\/p>\n<p><span style=\"font-weight: 400;\">El nuestro por solo<\/span><b> 25 euros <\/b><span style=\"font-weight: 400;\">durante el mes de septiembre te dejar\u00e1 la piel:<\/span><strong><strong><br \/>\n<\/strong><\/strong><\/p>\n<ul>\n<li style=\"font-weight: 400;\"><span style=\"font-weight: 400;\">Luminosa<\/span><\/li>\n<li style=\"font-weight: 400;\"><span style=\"font-weight: 400;\">Radiante<\/span><\/li>\n<li style=\"font-weight: 400;\"><span style=\"font-weight: 400;\">Fina<\/span><\/li>\n<li style=\"font-weight: 400;\"><span style=\"font-weight: 400;\">Sin imperfecciones.<\/span><\/li>\n<\/ul>\n<p><span style=\"font-weight: 400;\">Llama y reserva tu cita. 918834415\/55<br \/>\n<\/span>Alcal\u00e1 de Henares Calle Libreros 17<br \/>\nMadrid N\u00fa\u00f1ez de Balboa 107<\/p>","protected":false},"excerpt":{"rendered":"<p>Llevo d\u00edas viendo en facebook, instagram y en todas las revistas los mismos consejos: \u201cCuidate despues del verano\u2026 exfolia la piel, hidr\u00e1tala\u201d. Yo har\u00e9 lo mismo, os dar\u00e9 el mismo consejo, ya que es verdad, hay que cuidar la piel, que despu\u00e9s del verano viene fatigada, viene asfixiada porque no solo \u00a0la exponemos \u00a0a los [&hellip;]<\/p>","protected":false},"author":3,"featured_media":10438,"comment_status":"open","ping_status":"closed","sticky":false,"template":"","format":"standard","meta":{"_et_pb_use_builder":"","_et_pb_old_content":"","_et_gb_content_width":"","_joinchat":[]},"categories":[146],"tags":[630,620,270,436,635,739],"yoast_head":"<!-- This site is optimized with the Yoast SEO plugin v20.10 - https:\/\/yoast.com\/wordpress\/plugins\/seo\/ -->\n<title>Tratamiento Post Verano para cuidar la piel<\/title>\n<meta name=\"description\" content=\"La miel tiene un alto poder anti-bacteriano y anti-f\u00fangico, que adem\u00e1s nos ayuda a cuidar la piel. Con un alto poder anti-inflamatorio y muy calmante.\" \/>\n<meta name=\"robots\" content=\"index, follow, max-snippet:-1, max-image-preview:large, max-video-preview:-1\" \/>\n<link rel=\"canonical\" href=\"https:\/\/www.todoenbelleza.es\/en\/tratamiento-post-verano-cuidar-la-piel\/\" \/>\n<meta property=\"og:locale\" content=\"en_GB\" \/>\n<meta property=\"og:type\" content=\"article\" \/>\n<meta property=\"og:title\" content=\"Tratamiento Post Verano para cuidar la piel\" \/>\n<meta property=\"og:description\" content=\"La miel tiene un alto poder anti-bacteriano y anti-f\u00fangico, que adem\u00e1s nos ayuda a cuidar la piel. Con un alto poder anti-inflamatorio y muy calmante.\" \/>\n<meta property=\"og:url\" content=\"https:\/\/www.todoenbelleza.es\/en\/tratamiento-post-verano-cuidar-la-piel\/\" \/>\n<meta property=\"og:site_name\" content=\"Todo en Belleza con Cuca Miquel\" \/>\n<meta property=\"article:publisher\" content=\"https:\/\/www.facebook.com\/www.todoenbelleza.es\/\" \/>\n<meta property=\"article:published_time\" content=\"2016-09-03T15:09:21+00:00\" \/>\n<meta property=\"article:modified_time\" content=\"2023-08-08T11:24:06+00:00\" \/>\n<meta property=\"og:image\" content=\"https:\/\/www.todoenbelleza.es\/wp-content\/uploads\/2016\/09\/Dollarphotoclub_83229555-2.jpg\" \/>\n\t<meta property=\"og:image:width\" content=\"700\" \/>\n\t<meta property=\"og:image:height\" content=\"467\" \/>\n\t<meta property=\"og:image:type\" content=\"image\/jpeg\" \/>\n<meta name=\"author\" content=\"Cuca Miquel\" \/>\n<meta name=\"twitter:card\" content=\"summary_large_image\" \/>\n<meta name=\"twitter:creator\" content=\"@todoenbelleza1\" \/>\n<meta name=\"twitter:site\" content=\"@todoenbelleza1\" \/>\n<meta name=\"twitter:label1\" content=\"Written by\" \/>\n\t<meta name=\"twitter:data1\" content=\"Cuca Miquel\" \/>\n\t<meta name=\"twitter:label2\" content=\"Estimated reading time\" \/>\n\t<meta name=\"twitter:data2\" content=\"2 minutes\" \/>\n<!-- \/ Yoast SEO plugin. -->","yoast_head_json":{"title":"Tratamiento Post Verano para cuidar la piel","description":"La miel tiene un alto poder anti-bacteriano y anti-f\u00fangico, que adem\u00e1s nos ayuda a cuidar la piel. Con un alto poder anti-inflamatorio y muy calmante.","robots":{"index":"index","follow":"follow","max-snippet":"max-snippet:-1","max-image-preview":"max-image-preview:large","max-video-preview":"max-video-preview:-1"},"canonical":"https:\/\/www.todoenbelleza.es\/en\/tratamiento-post-verano-cuidar-la-piel\/","og_locale":"en_GB","og_type":"article","og_title":"Tratamiento Post Verano para cuidar la piel","og_description":"La miel tiene un alto poder anti-bacteriano y anti-f\u00fangico, que adem\u00e1s nos ayuda a cuidar la piel. Con un alto poder anti-inflamatorio y muy calmante.","og_url":"https:\/\/www.todoenbelleza.es\/en\/tratamiento-post-verano-cuidar-la-piel\/","og_site_name":"Todo en Belleza con Cuca Miquel","article_publisher":"https:\/\/www.facebook.com\/www.todoenbelleza.es\/","article_published_time":"2016-09-03T15:09:21+00:00","article_modified_time":"2023-08-08T11:24:06+00:00","og_image":[{"width":700,"height":467,"url":"https:\/\/www.todoenbelleza.es\/wp-content\/uploads\/2016\/09\/Dollarphotoclub_83229555-2.jpg","type":"image\/jpeg"}],"author":"Cuca Miquel","twitter_card":"summary_large_image","twitter_creator":"@todoenbelleza1","twitter_site":"@todoenbelleza1","twitter_misc":{"Written by":"Cuca Miquel","Estimated reading time":"2 minutes"},"schema":{"@context":"https:\/\/schema.org","@graph":[{"@type":"Article","@id":"https:\/\/www.todoenbelleza.es\/tratamiento-post-verano-cuidar-la-piel\/#article","isPartOf":{"@id":"https:\/\/www.todoenbelleza.es\/tratamiento-post-verano-cuidar-la-piel\/"},"author":{"name":"Cuca Miquel","@id":"https:\/\/www.todoenbelleza.es\/#\/schema\/person\/fae9b2b97a472cb884ad9155d65b8465"},"headline":"Tratamiento Post Verano para cuidar la piel","datePublished":"2016-09-03T15:09:21+00:00","dateModified":"2023-08-08T11:24:06+00:00","mainEntityOfPage":{"@id":"https:\/\/www.todoenbelleza.es\/tratamiento-post-verano-cuidar-la-piel\/"},"wordCount":344,"commentCount":0,"publisher":{"@id":"https:\/\/www.todoenbelleza.es\/#organization"},"keywords":["#bellezaMadrid","#centroDeBellezaMadrid","#exfoliacionFacial","#tratamientosExfoliantes","#tratamientosFacialesEnMadrid","tipo de piel"],"articleSection":["Est\u00e9tica Facial"],"inLanguage":"en-GB","potentialAction":[{"@type":"CommentAction","name":"Comment","target":["https:\/\/www.todoenbelleza.es\/tratamiento-post-verano-cuidar-la-piel\/#respond"]}]},{"@type":"WebPage","@id":"https:\/\/www.todoenbelleza.es\/tratamiento-post-verano-cuidar-la-piel\/","url":"https:\/\/www.todoenbelleza.es\/tratamiento-post-verano-cuidar-la-piel\/","name":"Tratamiento Post Verano para cuidar la piel","isPartOf":{"@id":"https:\/\/www.todoenbelleza.es\/#website"},"datePublished":"2016-09-03T15:09:21+00:00","dateModified":"2023-08-08T11:24:06+00:00","description":"La miel tiene un alto poder anti-bacteriano y anti-f\u00fangico, que adem\u00e1s nos ayuda a cuidar la piel. Con un alto poder anti-inflamatorio y muy calmante.","breadcrumb":{"@id":"https:\/\/www.todoenbelleza.es\/tratamiento-post-verano-cuidar-la-piel\/#breadcrumb"},"inLanguage":"en-GB","potentialAction":[{"@type":"ReadAction","target":["https:\/\/www.todoenbelleza.es\/tratamiento-post-verano-cuidar-la-piel\/"]}]},{"@type":"BreadcrumbList","@id":"https:\/\/www.todoenbelleza.es\/tratamiento-post-verano-cuidar-la-piel\/#breadcrumb","itemListElement":[{"@type":"ListItem","position":1,"name":"Portada","item":"https:\/\/www.todoenbelleza.es\/"},{"@type":"ListItem","position":2,"name":"Tratamiento Post Verano para cuidar la piel"}]},{"@type":"WebSite","@id":"https:\/\/www.todoenbelleza.es\/#website","url":"https:\/\/www.todoenbelleza.es\/","name":"Todo en Belleza con Cuca Miquel","description":"Centro de belleza y medicina est\u00e9tica en Madrid","publisher":{"@id":"https:\/\/www.todoenbelleza.es\/#organization"},"potentialAction":[{"@type":"SearchAction","target":{"@type":"EntryPoint","urlTemplate":"https:\/\/www.todoenbelleza.es\/?s={search_term_string}"},"query-input":"required name=search_term_string"}],"inLanguage":"en-GB"},{"@type":"Organization","@id":"https:\/\/www.todoenbelleza.es\/#organization","name":"Todo en Belleza con Cuca Miquel","url":"https:\/\/www.todoenbelleza.es\/","logo":{"@type":"ImageObject","inLanguage":"en-GB","@id":"https:\/\/www.todoenbelleza.es\/#\/schema\/logo\/image\/","url":"https:\/\/www.todoenbelleza.es\/wp-content\/uploads\/2023\/02\/logocabecera.png","contentUrl":"https:\/\/www.todoenbelleza.es\/wp-content\/uploads\/2023\/02\/logocabecera.png","width":311,"height":60,"caption":"Todo en Belleza con Cuca Miquel"},"image":{"@id":"https:\/\/www.todoenbelleza.es\/#\/schema\/logo\/image\/"},"sameAs":["https:\/\/www.facebook.com\/www.todoenbelleza.es\/","https:\/\/twitter.com\/todoenbelleza1","https:\/\/www.instagram.com\/todo.en.belleza_cucamiquel\/"]},{"@type":"Person","@id":"https:\/\/www.todoenbelleza.es\/#\/schema\/person\/fae9b2b97a472cb884ad9155d65b8465","name":"Cuca Miquel","image":{"@type":"ImageObject","inLanguage":"en-GB","@id":"https:\/\/www.todoenbelleza.es\/#\/schema\/person\/image\/","url":"https:\/\/www.todoenbelleza.es\/wp-content\/uploads\/2023\/02\/cuca_cremas_2.jpg","contentUrl":"https:\/\/www.todoenbelleza.es\/wp-content\/uploads\/2023\/02\/cuca_cremas_2.jpg","caption":"Cuca Miquel"},"description":"Master en Formulaci\u00f3n Cosm\u00e9tica, Experta Universitaria en Cosm\u00e9tica y Dermofarmacia, Experta Universitaria en Microbiota de la Piel, Master en Imagen Personal, Master ADE, Licenciada en Derecho. Especialista en acn\u00e9, ros\u00e1cea y envejecimiento."}]}},"_links":{"self":[{"href":"https:\/\/www.todoenbelleza.es\/en\/wp-json\/wp\/v2\/posts\/13023"}],"collection":[{"href":"https:\/\/www.todoenbelleza.es\/en\/wp-json\/wp\/v2\/posts"}],"about":[{"href":"https:\/\/www.todoenbelleza.es\/en\/wp-json\/wp\/v2\/types\/post"}],"author":[{"embeddable":true,"href":"https:\/\/www.todoenbelleza.es\/en\/wp-json\/wp\/v2\/users\/3"}],"replies":[{"embeddable":true,"href":"https:\/\/www.todoenbelleza.es\/en\/wp-json\/wp\/v2\/comments?post=13023"}],"version-history":[{"count":0,"href":"https:\/\/www.todoenbelleza.es\/en\/wp-json\/wp\/v2\/posts\/13023\/revisions"}],"wp:featuredmedia":[{"embeddable":true,"href":"https:\/\/www.todoenbelleza.es\/en\/wp-json\/wp\/v2\/media\/10438"}],"wp:attachment":[{"href":"https:\/\/www.todoenbelleza.es\/en\/wp-json\/wp\/v2\/media?parent=13023"}],"wp:term":[{"taxonomy":"category","embeddable":true,"href":"https:\/\/www.todoenbelleza.es\/en\/wp-json\/wp\/v2\/categories?post=13023"},{"taxonomy":"post_tag","embeddable":true,"href":"https:\/\/www.todoenbelleza.es\/en\/wp-json\/wp\/v2\/tags?post=13023"}],"curies":[{"name":"wp","href":"https:\/\/api.w.org\/{rel}","templated":true}]}}