{"id":13009,"date":"2016-01-22T15:23:14","date_gmt":"2016-01-22T15:23:14","guid":{"rendered":"http:\/\/www.todoenbelleza.es\/?p=9297"},"modified":"2016-01-22T15:23:14","modified_gmt":"2016-01-22T15:23:14","slug":"cremas-biotecnologicas-realidad-o-ficcion","status":"publish","type":"post","link":"https:\/\/www.todoenbelleza.es\/en\/cremas-biotecnologicas-realidad-o-ficcion\/","title":{"rendered":"Cremas Biotecnol\u00f3gicas: \u00bfRealidad o Ficci\u00f3n?."},"content":{"rendered":"<p style=\"text-align: justify;\">Hoy existen cosm\u00e9ticos para todos los gustos y necesidades: hidratantes, nutritivos, limpiadores, exfoliantes, contornos de ojos, protectores solares.<\/p>\n<p style=\"text-align: justify;\">Pero existen efectos secundarios de esta tendencia de un uso excesivo de ellos? la gente sabe lo que se pone cada d\u00eda en su rostro?<\/p>\n<p style=\"text-align: justify;\">El error m\u00e1s com\u00fan es la &#8220;<strong>asfixia<\/strong>&#8221; cut\u00e1nea producida por la sobreabundancia o por la deshidrataci\u00f3n de la piel a consecuencia de aplicaci\u00f3n de productos que &#8220;roban&#8221; la grasa cuando no sobra.<\/p>\n<p style=\"text-align: justify;\">Los productos se acumulan unos encima de otros e impiden a la piel, respirar y eso se nota cuando despu\u00e9s de ponerte la crema, estas &#8220;pringoso&#8221;.<\/p>\n<p style=\"text-align: justify;\">Sin una correcta absorci\u00f3n de sustancias, \u00a0las sustancias \u00a0se quedar\u00e1n a nivel de epidermis, con el riesgo de causar alergias ya que el organismo no reconoce esas sustancias sint\u00e9ticas y complejas por ello <strong>la piel se defiende<\/strong> provocando una reacci\u00f3n no deseada.<\/p>\n<p style=\"text-align: justify;\">La industria cosm\u00e9tica alimenta un c\u00edrculo vicioso: los usuarios se llenan la cara de cremas de todo tipo, la piel reacciona negativamente y por ello, se cambia de crema de las mismas condiciones y vuelve a aparecer el problema.<\/p>\n<p style=\"text-align: justify;\">Sin embargo, como apunto siempre no toda la cosm\u00e9tica es igual. Hoy en d\u00eda se aplica la Biotecnolog\u00eda a la cosm\u00e9tica y esas cremas biotecnologicas no se vende ni en Farmacias ni en perfumer\u00edas, solo se venden en centros de Belleza especializados.<\/p>\n<h2 style=\"text-align: justify;\">\u00bfQue son las cremas Biotecnol\u00f3gicas?<\/h2>\n<p style=\"text-align: justify;\">La biotecnolog\u00eda es una ciencia que manipula microorganismos y c\u00e9lulas con fines industriales mediante an\u00e1lisis biol\u00f3gicos, microbiol\u00f3gicos, inmunol\u00f3gicos, bioqu\u00edmicos, toxicol\u00f3gicos y qu\u00edmicos modificando los pesos moleculares de los activos adecuados a la piel permitiendo que los activos reparadores penetren en capas profundas. Provocando una mejor\u00eda evidente en la piel y de forma duradera.<\/p>\n<p style=\"text-align: justify;\">La biotecnolog\u00eda aplicada a la belleza es un gran avance.<\/p>\n<p style=\"text-align: justify;\">Como resultado la piel no se axfixia y dota de equilibrio a la emulsi\u00f3n epicut\u00e1nea de la piel.<\/p>\n<p style=\"text-align: justify;\"><strong>Mi consejo:<\/strong> Cuidado con las cremas, no todas valen, d\u00e9jate asesorar y busca un centro de belleza con una <strong>m\u00e1quina de diagn\u00f3stico<\/strong> para que midan tus valores reales de la piel.<\/p>\n<p style=\"text-align: justify;\">Cuca Miquel<\/p>","protected":false},"excerpt":{"rendered":"<p>Hoy existen cosm\u00e9ticos para todos los gustos y necesidades: hidratantes, nutritivos, limpiadores, exfoliantes, contornos de ojos, protectores solares. Pero existen efectos secundarios de esta tendencia de un uso excesivo de ellos? la gente sabe lo que se pone cada d\u00eda en su rostro? El error m\u00e1s com\u00fan es la &#8220;asfixia&#8221; cut\u00e1nea producida por la sobreabundancia [&hellip;]<\/p>","protected":false},"author":3,"featured_media":10419,"comment_status":"open","ping_status":"closed","sticky":false,"template":"","format":"standard","meta":{"_et_pb_use_builder":"","_et_pb_old_content":"","_et_gb_content_width":"","_joinchat":[]},"categories":[146,138],"tags":[174],"yoast_head":"<!-- This site is optimized with the Yoast SEO plugin v20.10 - https:\/\/yoast.com\/wordpress\/plugins\/seo\/ -->\n<title>Cremas Biotecnol\u00f3gicas: \u00bfRealidad o Ficci\u00f3n?.<\/title>\n<meta name=\"robots\" content=\"index, follow, max-snippet:-1, max-image-preview:large, max-video-preview:-1\" \/>\n<link rel=\"canonical\" href=\"https:\/\/www.todoenbelleza.es\/en\/cremas-biotecnologicas-realidad-o-ficcion\/\" \/>\n<meta property=\"og:locale\" content=\"en_GB\" \/>\n<meta property=\"og:type\" content=\"article\" \/>\n<meta property=\"og:title\" content=\"Cremas Biotecnol\u00f3gicas: \u00bfRealidad o Ficci\u00f3n?.\" \/>\n<meta property=\"og:description\" content=\"Hoy existen cosm\u00e9ticos para todos los gustos y necesidades: hidratantes, nutritivos, limpiadores, exfoliantes, contornos de ojos, protectores solares. Pero existen efectos secundarios de esta tendencia de un uso excesivo de ellos? la gente sabe lo que se pone cada d\u00eda en su rostro? El error m\u00e1s com\u00fan es la &#8220;asfixia&#8221; cut\u00e1nea producida por la sobreabundancia [&hellip;]\" \/>\n<meta property=\"og:url\" content=\"https:\/\/www.todoenbelleza.es\/en\/cremas-biotecnologicas-realidad-o-ficcion\/\" \/>\n<meta property=\"og:site_name\" content=\"Todo en Belleza con Cuca Miquel\" \/>\n<meta property=\"article:publisher\" content=\"https:\/\/www.facebook.com\/www.todoenbelleza.es\/\" \/>\n<meta property=\"article:published_time\" content=\"2016-01-22T15:23:14+00:00\" \/>\n<meta property=\"og:image\" content=\"https:\/\/www.todoenbelleza.es\/wp-content\/uploads\/2016\/01\/Dollarphotoclub_84340117.jpg\" \/>\n\t<meta property=\"og:image:width\" content=\"700\" \/>\n\t<meta property=\"og:image:height\" content=\"465\" \/>\n\t<meta property=\"og:image:type\" content=\"image\/jpeg\" \/>\n<meta name=\"author\" content=\"Cuca Miquel\" \/>\n<meta name=\"twitter:card\" content=\"summary_large_image\" \/>\n<meta name=\"twitter:creator\" content=\"@todoenbelleza1\" \/>\n<meta name=\"twitter:site\" content=\"@todoenbelleza1\" \/>\n<meta name=\"twitter:label1\" content=\"Written by\" \/>\n\t<meta name=\"twitter:data1\" content=\"Cuca Miquel\" \/>\n\t<meta name=\"twitter:label2\" content=\"Estimated reading time\" \/>\n\t<meta name=\"twitter:data2\" content=\"2 minutes\" \/>\n<!-- \/ Yoast SEO plugin. -->","yoast_head_json":{"title":"Cremas Biotecnol\u00f3gicas: \u00bfRealidad o Ficci\u00f3n?.","robots":{"index":"index","follow":"follow","max-snippet":"max-snippet:-1","max-image-preview":"max-image-preview:large","max-video-preview":"max-video-preview:-1"},"canonical":"https:\/\/www.todoenbelleza.es\/en\/cremas-biotecnologicas-realidad-o-ficcion\/","og_locale":"en_GB","og_type":"article","og_title":"Cremas Biotecnol\u00f3gicas: \u00bfRealidad o Ficci\u00f3n?.","og_description":"Hoy existen cosm\u00e9ticos para todos los gustos y necesidades: hidratantes, nutritivos, limpiadores, exfoliantes, contornos de ojos, protectores solares. Pero existen efectos secundarios de esta tendencia de un uso excesivo de ellos? la gente sabe lo que se pone cada d\u00eda en su rostro? El error m\u00e1s com\u00fan es la &#8220;asfixia&#8221; cut\u00e1nea producida por la sobreabundancia [&hellip;]","og_url":"https:\/\/www.todoenbelleza.es\/en\/cremas-biotecnologicas-realidad-o-ficcion\/","og_site_name":"Todo en Belleza con Cuca Miquel","article_publisher":"https:\/\/www.facebook.com\/www.todoenbelleza.es\/","article_published_time":"2016-01-22T15:23:14+00:00","og_image":[{"width":700,"height":465,"url":"https:\/\/www.todoenbelleza.es\/wp-content\/uploads\/2016\/01\/Dollarphotoclub_84340117.jpg","type":"image\/jpeg"}],"author":"Cuca Miquel","twitter_card":"summary_large_image","twitter_creator":"@todoenbelleza1","twitter_site":"@todoenbelleza1","twitter_misc":{"Written by":"Cuca Miquel","Estimated reading time":"2 minutes"},"schema":{"@context":"https:\/\/schema.org","@graph":[{"@type":"Article","@id":"https:\/\/www.todoenbelleza.es\/cremas-biotecnologicas-realidad-o-ficcion\/#article","isPartOf":{"@id":"https:\/\/www.todoenbelleza.es\/cremas-biotecnologicas-realidad-o-ficcion\/"},"author":{"name":"Cuca Miquel","@id":"https:\/\/www.todoenbelleza.es\/#\/schema\/person\/fae9b2b97a472cb884ad9155d65b8465"},"headline":"Cremas Biotecnol\u00f3gicas: \u00bfRealidad o Ficci\u00f3n?.","datePublished":"2016-01-22T15:23:14+00:00","dateModified":"2016-01-22T15:23:14+00:00","mainEntityOfPage":{"@id":"https:\/\/www.todoenbelleza.es\/cremas-biotecnologicas-realidad-o-ficcion\/"},"wordCount":386,"commentCount":4,"publisher":{"@id":"https:\/\/www.todoenbelleza.es\/#organization"},"keywords":["#klapp"],"articleSection":["Est\u00e9tica Facial","Prensa y colaboraciones"],"inLanguage":"en-GB","potentialAction":[{"@type":"CommentAction","name":"Comment","target":["https:\/\/www.todoenbelleza.es\/cremas-biotecnologicas-realidad-o-ficcion\/#respond"]}]},{"@type":"WebPage","@id":"https:\/\/www.todoenbelleza.es\/cremas-biotecnologicas-realidad-o-ficcion\/","url":"https:\/\/www.todoenbelleza.es\/cremas-biotecnologicas-realidad-o-ficcion\/","name":"Cremas Biotecnol\u00f3gicas: \u00bfRealidad o Ficci\u00f3n?.","isPartOf":{"@id":"https:\/\/www.todoenbelleza.es\/#website"},"datePublished":"2016-01-22T15:23:14+00:00","dateModified":"2016-01-22T15:23:14+00:00","breadcrumb":{"@id":"https:\/\/www.todoenbelleza.es\/cremas-biotecnologicas-realidad-o-ficcion\/#breadcrumb"},"inLanguage":"en-GB","potentialAction":[{"@type":"ReadAction","target":["https:\/\/www.todoenbelleza.es\/cremas-biotecnologicas-realidad-o-ficcion\/"]}]},{"@type":"BreadcrumbList","@id":"https:\/\/www.todoenbelleza.es\/cremas-biotecnologicas-realidad-o-ficcion\/#breadcrumb","itemListElement":[{"@type":"ListItem","position":1,"name":"Portada","item":"https:\/\/www.todoenbelleza.es\/"},{"@type":"ListItem","position":2,"name":"Cremas Biotecnol\u00f3gicas: \u00bfRealidad o Ficci\u00f3n?."}]},{"@type":"WebSite","@id":"https:\/\/www.todoenbelleza.es\/#website","url":"https:\/\/www.todoenbelleza.es\/","name":"Todo en Belleza con Cuca Miquel","description":"Centro de belleza y medicina est\u00e9tica en Madrid","publisher":{"@id":"https:\/\/www.todoenbelleza.es\/#organization"},"potentialAction":[{"@type":"SearchAction","target":{"@type":"EntryPoint","urlTemplate":"https:\/\/www.todoenbelleza.es\/?s={search_term_string}"},"query-input":"required name=search_term_string"}],"inLanguage":"en-GB"},{"@type":"Organization","@id":"https:\/\/www.todoenbelleza.es\/#organization","name":"Todo en Belleza con Cuca Miquel","url":"https:\/\/www.todoenbelleza.es\/","logo":{"@type":"ImageObject","inLanguage":"en-GB","@id":"https:\/\/www.todoenbelleza.es\/#\/schema\/logo\/image\/","url":"https:\/\/www.todoenbelleza.es\/wp-content\/uploads\/2023\/02\/logocabecera.png","contentUrl":"https:\/\/www.todoenbelleza.es\/wp-content\/uploads\/2023\/02\/logocabecera.png","width":311,"height":60,"caption":"Todo en Belleza con Cuca Miquel"},"image":{"@id":"https:\/\/www.todoenbelleza.es\/#\/schema\/logo\/image\/"},"sameAs":["https:\/\/www.facebook.com\/www.todoenbelleza.es\/","https:\/\/twitter.com\/todoenbelleza1","https:\/\/www.instagram.com\/todo.en.belleza_cucamiquel\/"]},{"@type":"Person","@id":"https:\/\/www.todoenbelleza.es\/#\/schema\/person\/fae9b2b97a472cb884ad9155d65b8465","name":"Cuca Miquel","image":{"@type":"ImageObject","inLanguage":"en-GB","@id":"https:\/\/www.todoenbelleza.es\/#\/schema\/person\/image\/","url":"https:\/\/www.todoenbelleza.es\/wp-content\/uploads\/2023\/02\/cuca_cremas_2.jpg","contentUrl":"https:\/\/www.todoenbelleza.es\/wp-content\/uploads\/2023\/02\/cuca_cremas_2.jpg","caption":"Cuca Miquel"},"description":"Master en Formulaci\u00f3n Cosm\u00e9tica, Experta Universitaria en Cosm\u00e9tica y Dermofarmacia, Experta Universitaria en Microbiota de la Piel, Master en Imagen Personal, Master ADE, Licenciada en Derecho. Especialista en acn\u00e9, ros\u00e1cea y envejecimiento."}]}},"_links":{"self":[{"href":"https:\/\/www.todoenbelleza.es\/en\/wp-json\/wp\/v2\/posts\/13009"}],"collection":[{"href":"https:\/\/www.todoenbelleza.es\/en\/wp-json\/wp\/v2\/posts"}],"about":[{"href":"https:\/\/www.todoenbelleza.es\/en\/wp-json\/wp\/v2\/types\/post"}],"author":[{"embeddable":true,"href":"https:\/\/www.todoenbelleza.es\/en\/wp-json\/wp\/v2\/users\/3"}],"replies":[{"embeddable":true,"href":"https:\/\/www.todoenbelleza.es\/en\/wp-json\/wp\/v2\/comments?post=13009"}],"version-history":[{"count":0,"href":"https:\/\/www.todoenbelleza.es\/en\/wp-json\/wp\/v2\/posts\/13009\/revisions"}],"wp:featuredmedia":[{"embeddable":true,"href":"https:\/\/www.todoenbelleza.es\/en\/wp-json\/wp\/v2\/media\/10419"}],"wp:attachment":[{"href":"https:\/\/www.todoenbelleza.es\/en\/wp-json\/wp\/v2\/media?parent=13009"}],"wp:term":[{"taxonomy":"category","embeddable":true,"href":"https:\/\/www.todoenbelleza.es\/en\/wp-json\/wp\/v2\/categories?post=13009"},{"taxonomy":"post_tag","embeddable":true,"href":"https:\/\/www.todoenbelleza.es\/en\/wp-json\/wp\/v2\/tags?post=13009"}],"curies":[{"name":"wp","href":"https:\/\/api.w.org\/{rel}","templated":true}]}}