{"id":13003,"date":"2015-11-28T11:48:49","date_gmt":"2015-11-28T11:48:49","guid":{"rendered":"http:\/\/www.todoenbelleza.es\/?p=9169"},"modified":"2015-11-28T11:48:49","modified_gmt":"2015-11-28T11:48:49","slug":"envejecimiento-activo","status":"publish","type":"post","link":"https:\/\/www.todoenbelleza.es\/en\/envejecimiento-activo\/","title":{"rendered":"Envejecimiento activo"},"content":{"rendered":"<p><b>Envejecimiento activo.<\/b><\/p>\n<p style=\"text-align: justify;\">Es un concepto \u00a0definido en 1999 por la <a title=\"Organizaci\u00f3n Mundial de la Salud\" href=\"https:\/\/es.wikipedia.org\/wiki\/Organizaci%C3%B3n_Mundial_de_la_Salud\">Organizaci\u00f3n Mundial de la Salud<\/a> (OMS) como:<\/p>\n<blockquote>\n<p style=\"text-align: justify;\">&#8220;El proceso de optimizaci\u00f3n de las oportunidades de salud, participaci\u00f3n y seguridad con el fin de mejorar la calidad de vida a medida que las personas envejecen&#8221;<\/p>\n<\/blockquote>\n<p style=\"text-align: justify;\">Para mi el <strong>envejecimiento activo<\/strong>\u00a0depende de cada individuo, esa definici\u00f3n esta bien a nivel publico, eso es una lucha por conseguir optimizar los recursos para garantizar unas buenas condiciones de salud para dar a las mayores de nuestra sociedad una oportunidad de seguir siendo activos.<\/p>\n<p>Pero, el <strong>envejecimiento activo<\/strong> deber\u00eda ser para las personas un<strong> objetivo personal<\/strong>, cada vez vivimos mas a\u00f1os, y por que encerrarnos en un cuerpo dolorido, viejo e inactivo durante muchos a\u00f1os.<\/p>\n<p>y desde el punto de vista meramente est\u00e9tico por qu\u00e9 mirarnos al espejo y no reconocernos?<\/p>\n<p style=\"text-align: justify;\">Debemos luchar contra eso, pero no por superficialidad o por el mero hecho de no querer vernos viejos, sino por la posibilidad de vernos bien y sentirnos bien muchos a\u00f1os y poder aportar a la sociedad nuestra sabidur\u00eda que solo la da la experiencia obtenida por el paso de los a\u00f1os.<\/p>\n<p style=\"text-align: justify;\">Yo, os dar\u00e9 unos consejos que os pueden resultar \u00fatiles para desde cada uno posicionarnos ante un <strong>Envejecimiento activo.<\/strong><\/p>\n<p>&#8211; Debes dormir por la noche y aprovechar el d\u00eda para hacer actividades.<\/p>\n<p>&#8211; Si tienes rencores pasados, dedes olvidarlos, el perd\u00f3n y la superaci\u00f3n de esos da\u00f1os te dar\u00e1n salud, porque reducir\u00e1n los niveles de cortisol en sangre, buscamos bienestar no rencor.<\/p>\n<p>&#8211; Debes hacer ejercicio f\u00edsico, de manera continuada y no solo por el objetivo de querer bajar de peso, aunque est\u00e9s en normopeso debes ejercitar tus m\u00fasculos, haci\u00e9ndolo conseguiremos mas calcio para los huesos, mas oxigeno en articulaciones y m\u00fasculos.<\/p>\n<p>&#8211; Debes hacer \u00a0yoga, con los estiramientos de yoga podremos evitar reducir cm de altura debido a que mantendremos los discos intervertebrales sanos y evitaremos rigideces asociadas a la edad.<\/p>\n<p style=\"text-align: justify;\">&#8211; Evita o reduce la ingesta de az\u00facar porque cuando comes az\u00facar, se desarrolla un proceso llamado <em>glicaci\u00f3n<\/em>, en\u00a0el cu\u00e1l el az\u00facar se une a las prote\u00ednas formando nuevas mol\u00e9culas llamadas &#8220;productos de glicaci\u00f3n avanzada&#8221; y destruyen fibras de col\u00e1geno.<\/p>\n<p style=\"text-align: justify;\">&#8211; Si fumas, creo que es el momento para dejarlo.<\/p>\n<p style=\"text-align: justify;\">&#8211; Si tienes ojos cansados, usa gotas de \u00e1cido hialur\u00f3nico o prepara infusi\u00f3n y ponte las bolsas \u00a0de manzanilla o te en los ojos y as\u00ed evitar\u00e1s frotarlos, ese gesto de frotaci\u00f3n destruye el col\u00e1geno y la elastina de esa zona tan delicada.<\/p>\n<p>&#8211; Reduce la ingesta de bebidas alcoh\u00f3licas.<\/p>\n<p>&#8211; Procura mantenerte en tu peso.<\/p>\n<p>&#8211; Reduce el Estr\u00e9s, aprende t\u00e9cnicas de relajaci\u00f3n.<\/p>\n<p>&#8211; Evita la ingesta de comida r\u00e1pida y aumenta el uso de aceite de oliva y productos frescos.<\/p>\n<p>&#8211; Bebe agua, 1,5 litros diarios<\/p>\n<p style=\"text-align: justify;\">\u00a0Y como no, si quieres mostrar una imagen en tu rostro mas natural, mas arm\u00f3nica, menos envejecida y con un aspecto mas relajado y mirarte al espejo y saber quien eres.<\/p>\n<p style=\"text-align: justify;\">No dudes en <strong>llamarnos<\/strong> para que te asesoremos de nuestros<strong>\u00a0Tratamientos Rejuvenecedores<\/strong> no invasivos que act\u00faen contra un envejecimiento ya evidente o actuando de forma preventiva para alargar durante mas tiempo tu bello y joven rostro.<\/p>\n<p style=\"text-align: justify;\"><strong>Todo en Belleza con Dra Silvestre<\/strong> tiene la tecnolog\u00eda mas vanguardista, lo \u00faltimo del mercado para que eficazmente est\u00e9s mas joven.<\/p>\n<p><strong>Thermage cpt, Ultherapy e Indiba<\/strong> son tres t\u00e9cnicas muy recomendadas para mantener un Envejecimiento Activo.<\/p>\n<p style=\"text-align: justify;\">Y usa nuestros complementos de col\u00e1geno as\u00ed como un producto que evita el acortamiento de los tel\u00f3meros asociado al paso de los a\u00f1os.<\/p>\n<p>Mu\u00e9vete y no te conformes porque\u00a0<strong>\u00a0Cumplir a\u00f1os no significa ser Invisible.<\/strong><\/p>\n<p>&nbsp;<\/p>\n<p>Cuca<\/p>\n<p>&nbsp;<\/p>","protected":false},"excerpt":{"rendered":"<p>Envejecimiento activo. Es un concepto \u00a0definido en 1999 por la Organizaci\u00f3n Mundial de la Salud (OMS) como: &#8220;El proceso de optimizaci\u00f3n de las oportunidades de salud, participaci\u00f3n y seguridad con el fin de mejorar la calidad de vida a medida que las personas envejecen&#8221; Para mi el envejecimiento activo\u00a0depende de cada individuo, esa definici\u00f3n esta [&hellip;]<\/p>","protected":false},"author":3,"featured_media":9170,"comment_status":"open","ping_status":"closed","sticky":false,"template":"","format":"standard","meta":{"_et_pb_use_builder":"","_et_pb_old_content":"","_et_gb_content_width":"","_joinchat":[]},"categories":[138,244],"tags":[398,399,159],"yoast_head":"<!-- This site is optimized with the Yoast SEO plugin v20.10 - https:\/\/yoast.com\/wordpress\/plugins\/seo\/ -->\n<title>Envejecimiento activo<\/title>\n<meta name=\"robots\" content=\"index, follow, max-snippet:-1, max-image-preview:large, max-video-preview:-1\" \/>\n<link rel=\"canonical\" href=\"https:\/\/www.todoenbelleza.es\/en\/envejecimiento-activo\/\" \/>\n<meta property=\"og:locale\" content=\"en_GB\" \/>\n<meta property=\"og:type\" content=\"article\" \/>\n<meta property=\"og:title\" content=\"Envejecimiento activo\" \/>\n<meta property=\"og:description\" content=\"Envejecimiento activo. Es un concepto \u00a0definido en 1999 por la Organizaci\u00f3n Mundial de la Salud (OMS) como: &#8220;El proceso de optimizaci\u00f3n de las oportunidades de salud, participaci\u00f3n y seguridad con el fin de mejorar la calidad de vida a medida que las personas envejecen&#8221; Para mi el envejecimiento activo\u00a0depende de cada individuo, esa definici\u00f3n esta [&hellip;]\" \/>\n<meta property=\"og:url\" content=\"https:\/\/www.todoenbelleza.es\/en\/envejecimiento-activo\/\" \/>\n<meta property=\"og:site_name\" content=\"Todo en Belleza con Cuca Miquel\" \/>\n<meta property=\"article:publisher\" content=\"https:\/\/www.facebook.com\/www.todoenbelleza.es\/\" \/>\n<meta property=\"article:published_time\" content=\"2015-11-28T11:48:49+00:00\" \/>\n<meta property=\"og:image\" content=\"https:\/\/www.todoenbelleza.es\/wp-content\/uploads\/2015\/11\/Dollarphotoclub_31679985-001.jpg\" \/>\n\t<meta property=\"og:image:width\" content=\"700\" \/>\n\t<meta property=\"og:image:height\" content=\"467\" \/>\n\t<meta property=\"og:image:type\" content=\"image\/jpeg\" \/>\n<meta name=\"author\" content=\"Cuca Miquel\" \/>\n<meta name=\"twitter:card\" content=\"summary_large_image\" \/>\n<meta name=\"twitter:creator\" content=\"@todoenbelleza1\" \/>\n<meta name=\"twitter:site\" content=\"@todoenbelleza1\" \/>\n<meta name=\"twitter:label1\" content=\"Written by\" \/>\n\t<meta name=\"twitter:data1\" content=\"Cuca Miquel\" \/>\n\t<meta name=\"twitter:label2\" content=\"Estimated reading time\" \/>\n\t<meta name=\"twitter:data2\" content=\"3 minutes\" \/>\n<!-- \/ Yoast SEO plugin. -->","yoast_head_json":{"title":"Envejecimiento activo","robots":{"index":"index","follow":"follow","max-snippet":"max-snippet:-1","max-image-preview":"max-image-preview:large","max-video-preview":"max-video-preview:-1"},"canonical":"https:\/\/www.todoenbelleza.es\/en\/envejecimiento-activo\/","og_locale":"en_GB","og_type":"article","og_title":"Envejecimiento activo","og_description":"Envejecimiento activo. Es un concepto \u00a0definido en 1999 por la Organizaci\u00f3n Mundial de la Salud (OMS) como: &#8220;El proceso de optimizaci\u00f3n de las oportunidades de salud, participaci\u00f3n y seguridad con el fin de mejorar la calidad de vida a medida que las personas envejecen&#8221; Para mi el envejecimiento activo\u00a0depende de cada individuo, esa definici\u00f3n esta [&hellip;]","og_url":"https:\/\/www.todoenbelleza.es\/en\/envejecimiento-activo\/","og_site_name":"Todo en Belleza con Cuca Miquel","article_publisher":"https:\/\/www.facebook.com\/www.todoenbelleza.es\/","article_published_time":"2015-11-28T11:48:49+00:00","og_image":[{"width":700,"height":467,"url":"https:\/\/www.todoenbelleza.es\/wp-content\/uploads\/2015\/11\/Dollarphotoclub_31679985-001.jpg","type":"image\/jpeg"}],"author":"Cuca Miquel","twitter_card":"summary_large_image","twitter_creator":"@todoenbelleza1","twitter_site":"@todoenbelleza1","twitter_misc":{"Written by":"Cuca Miquel","Estimated reading time":"3 minutes"},"schema":{"@context":"https:\/\/schema.org","@graph":[{"@type":"Article","@id":"https:\/\/www.todoenbelleza.es\/envejecimiento-activo\/#article","isPartOf":{"@id":"https:\/\/www.todoenbelleza.es\/envejecimiento-activo\/"},"author":{"name":"Cuca Miquel","@id":"https:\/\/www.todoenbelleza.es\/#\/schema\/person\/fae9b2b97a472cb884ad9155d65b8465"},"headline":"Envejecimiento activo","datePublished":"2015-11-28T11:48:49+00:00","dateModified":"2015-11-28T11:48:49+00:00","mainEntityOfPage":{"@id":"https:\/\/www.todoenbelleza.es\/envejecimiento-activo\/"},"wordCount":651,"commentCount":0,"publisher":{"@id":"https:\/\/www.todoenbelleza.es\/#organization"},"keywords":["#envejecimiento","#evitaElEnvejecimiento","#thermage"],"articleSection":["Prensa y colaboraciones","Vida Sana"],"inLanguage":"en-GB","potentialAction":[{"@type":"CommentAction","name":"Comment","target":["https:\/\/www.todoenbelleza.es\/envejecimiento-activo\/#respond"]}]},{"@type":"WebPage","@id":"https:\/\/www.todoenbelleza.es\/envejecimiento-activo\/","url":"https:\/\/www.todoenbelleza.es\/envejecimiento-activo\/","name":"Envejecimiento activo","isPartOf":{"@id":"https:\/\/www.todoenbelleza.es\/#website"},"datePublished":"2015-11-28T11:48:49+00:00","dateModified":"2015-11-28T11:48:49+00:00","breadcrumb":{"@id":"https:\/\/www.todoenbelleza.es\/envejecimiento-activo\/#breadcrumb"},"inLanguage":"en-GB","potentialAction":[{"@type":"ReadAction","target":["https:\/\/www.todoenbelleza.es\/envejecimiento-activo\/"]}]},{"@type":"BreadcrumbList","@id":"https:\/\/www.todoenbelleza.es\/envejecimiento-activo\/#breadcrumb","itemListElement":[{"@type":"ListItem","position":1,"name":"Portada","item":"https:\/\/www.todoenbelleza.es\/"},{"@type":"ListItem","position":2,"name":"Envejecimiento activo"}]},{"@type":"WebSite","@id":"https:\/\/www.todoenbelleza.es\/#website","url":"https:\/\/www.todoenbelleza.es\/","name":"Todo en Belleza con Cuca Miquel","description":"Centro de belleza y medicina est\u00e9tica en Madrid","publisher":{"@id":"https:\/\/www.todoenbelleza.es\/#organization"},"potentialAction":[{"@type":"SearchAction","target":{"@type":"EntryPoint","urlTemplate":"https:\/\/www.todoenbelleza.es\/?s={search_term_string}"},"query-input":"required name=search_term_string"}],"inLanguage":"en-GB"},{"@type":"Organization","@id":"https:\/\/www.todoenbelleza.es\/#organization","name":"Todo en Belleza con Cuca Miquel","url":"https:\/\/www.todoenbelleza.es\/","logo":{"@type":"ImageObject","inLanguage":"en-GB","@id":"https:\/\/www.todoenbelleza.es\/#\/schema\/logo\/image\/","url":"https:\/\/www.todoenbelleza.es\/wp-content\/uploads\/2023\/02\/logocabecera.png","contentUrl":"https:\/\/www.todoenbelleza.es\/wp-content\/uploads\/2023\/02\/logocabecera.png","width":311,"height":60,"caption":"Todo en Belleza con Cuca Miquel"},"image":{"@id":"https:\/\/www.todoenbelleza.es\/#\/schema\/logo\/image\/"},"sameAs":["https:\/\/www.facebook.com\/www.todoenbelleza.es\/","https:\/\/twitter.com\/todoenbelleza1","https:\/\/www.instagram.com\/todo.en.belleza_cucamiquel\/"]},{"@type":"Person","@id":"https:\/\/www.todoenbelleza.es\/#\/schema\/person\/fae9b2b97a472cb884ad9155d65b8465","name":"Cuca Miquel","image":{"@type":"ImageObject","inLanguage":"en-GB","@id":"https:\/\/www.todoenbelleza.es\/#\/schema\/person\/image\/","url":"https:\/\/www.todoenbelleza.es\/wp-content\/uploads\/2023\/02\/cuca_cremas_2.jpg","contentUrl":"https:\/\/www.todoenbelleza.es\/wp-content\/uploads\/2023\/02\/cuca_cremas_2.jpg","caption":"Cuca Miquel"},"description":"Master en Formulaci\u00f3n Cosm\u00e9tica, Experta Universitaria en Cosm\u00e9tica y Dermofarmacia, Experta Universitaria en Microbiota de la Piel, Master en Imagen Personal, Master ADE, Licenciada en Derecho. Especialista en acn\u00e9, ros\u00e1cea y envejecimiento."}]}},"_links":{"self":[{"href":"https:\/\/www.todoenbelleza.es\/en\/wp-json\/wp\/v2\/posts\/13003"}],"collection":[{"href":"https:\/\/www.todoenbelleza.es\/en\/wp-json\/wp\/v2\/posts"}],"about":[{"href":"https:\/\/www.todoenbelleza.es\/en\/wp-json\/wp\/v2\/types\/post"}],"author":[{"embeddable":true,"href":"https:\/\/www.todoenbelleza.es\/en\/wp-json\/wp\/v2\/users\/3"}],"replies":[{"embeddable":true,"href":"https:\/\/www.todoenbelleza.es\/en\/wp-json\/wp\/v2\/comments?post=13003"}],"version-history":[{"count":0,"href":"https:\/\/www.todoenbelleza.es\/en\/wp-json\/wp\/v2\/posts\/13003\/revisions"}],"wp:featuredmedia":[{"embeddable":true,"href":"https:\/\/www.todoenbelleza.es\/en\/wp-json\/wp\/v2\/media\/9170"}],"wp:attachment":[{"href":"https:\/\/www.todoenbelleza.es\/en\/wp-json\/wp\/v2\/media?parent=13003"}],"wp:term":[{"taxonomy":"category","embeddable":true,"href":"https:\/\/www.todoenbelleza.es\/en\/wp-json\/wp\/v2\/categories?post=13003"},{"taxonomy":"post_tag","embeddable":true,"href":"https:\/\/www.todoenbelleza.es\/en\/wp-json\/wp\/v2\/tags?post=13003"}],"curies":[{"name":"wp","href":"https:\/\/api.w.org\/{rel}","templated":true}]}}