{"id":12739,"date":"2020-01-22T09:24:46","date_gmt":"2020-01-22T09:24:46","guid":{"rendered":"http:\/\/www.todoenbelleza.es\/?p=12739"},"modified":"2023-08-08T09:17:25","modified_gmt":"2023-08-08T09:17:25","slug":"cosmetica-biotecnologica","status":"publish","type":"post","link":"https:\/\/www.todoenbelleza.es\/en\/cosmetica-biotecnologica\/","title":{"rendered":"Cosm\u00e9tica Biotecnol\u00f3gica"},"content":{"rendered":"<p><b>Hablemos de cosm\u00e9tica biotecnol\u00f3gica, \u00bfsabes lo que es?<\/b><\/p>\n<p><span style=\"font-weight: 400;\">Quiz\u00e1s sea la primera vez que escuchas hablar de la cosm\u00e9tica biotecnol\u00f3gica. Guarda muy bien este nombre en tu cabeza porque no sabes hasta qu\u00e9 punto puede llegar a ser importante para ti.\u00a0<\/span><\/p>\n<p><span style=\"font-weight: 400;\">Se trata de un \u00e1rea dentro de la cosm\u00e9tica que selecciona los ingredientes de sus productos de la naturaleza y los escoge\u00a0 especialmente para reavivar las c\u00e9lulas que est\u00e1n \u00edntimamente unidas al envejecimiento de la piel. Al ser ingredientes afines a nuestro organismo la piel los acepta de buen grado.<\/span><\/p>\n<p><span style=\"font-weight: 400;\">Dentro de esta parcela destaca la cosm\u00e9tica molecular en la que se desarrollan principios activos que son programados para que sean de peque\u00f1o tama\u00f1o y as\u00ed pueda penetrar mejor para que cumplan una funci\u00f3n espec\u00edfica y que corten de ra\u00edz el problema cut\u00e1neo de la persona que se lo aplica.\u00a0<\/span><\/p>\n<p><b>Pero, \u00bfpara qu\u00e9 est\u00e1n indicados?<\/b><\/p>\n<p><span style=\"font-weight: 400;\">Este tipo de cosm\u00e9tica puede solucionar muchos problemas. Por supuesto, sus dos funciones principales son el cuidado y regeneraci\u00f3n de la piel. Esta rama, se especializa en mitigar los efectos que la contaminaci\u00f3n ambiental hace en el cuerpo humano que provocan falta de hidrataci\u00f3n<\/span><b>. <\/b><span style=\"font-weight: 400;\">Estos productos tambi\u00e9n se encargan de ofrecer protecci\u00f3n solar, algo muy importante incluso en invierno.\u00a0<\/span><\/p>\n<p><span style=\"font-weight: 400;\">Al mismo tiempo, otra de sus funciones importantes es que contrarrestan los signos m\u00e1s visibles de la edad en la piel. Por ejemplo, reducen o previenen manchas, arrugas y rojeces que se producen habitualmente por no cuidar la piel de manera adecuada e incluso por no saber seleccionar los cosm\u00e9ticos acordes con nuestro tipo de piel.<\/span><\/p>\n<p><span style=\"font-weight: 400;\">Otra aplicaci\u00f3n para la que se utiliza la biotecnolog\u00eda en la cosm\u00e9tica es el cuidado del cabello. Gracias a estos productos se obtienen nutrientes que ayudan al crecimiento del pelo. Tambi\u00e9n sucede con las u\u00f1as, con estas vitaminas crecen mejor y m\u00e1s fuertes.\u00a0<\/span><\/p>","protected":false},"excerpt":{"rendered":"<p>Hablemos de cosm\u00e9tica biotecnol\u00f3gica, \u00bfsabes lo que es? Quiz\u00e1s sea la primera vez que escuchas hablar de la cosm\u00e9tica biotecnol\u00f3gica. Guarda muy bien este nombre en tu cabeza porque no sabes hasta qu\u00e9 punto puede llegar a ser importante para ti.\u00a0 Se trata de un \u00e1rea dentro de la cosm\u00e9tica que selecciona los ingredientes de [&hellip;]<\/p>","protected":false},"author":3,"featured_media":11954,"comment_status":"open","ping_status":"closed","sticky":false,"template":"","format":"standard","meta":{"_et_pb_use_builder":"","_et_pb_old_content":"","_et_gb_content_width":"","_joinchat":[]},"categories":[146],"tags":[466,461,490,468,493,491,492,725,739],"yoast_head":"<!-- This site is optimized with the Yoast SEO plugin v20.10 - https:\/\/yoast.com\/wordpress\/plugins\/seo\/ -->\n<title>Cosm\u00e9tica Biotecnol\u00f3gica<\/title>\n<meta name=\"robots\" content=\"index, follow, max-snippet:-1, max-image-preview:large, max-video-preview:-1\" \/>\n<link rel=\"canonical\" href=\"https:\/\/www.todoenbelleza.es\/en\/cosmetica-biotecnologica\/\" \/>\n<meta property=\"og:locale\" content=\"en_GB\" \/>\n<meta property=\"og:type\" content=\"article\" \/>\n<meta property=\"og:title\" content=\"Cosm\u00e9tica Biotecnol\u00f3gica\" \/>\n<meta property=\"og:description\" content=\"Hablemos de cosm\u00e9tica biotecnol\u00f3gica, \u00bfsabes lo que es? Quiz\u00e1s sea la primera vez que escuchas hablar de la cosm\u00e9tica biotecnol\u00f3gica. Guarda muy bien este nombre en tu cabeza porque no sabes hasta qu\u00e9 punto puede llegar a ser importante para ti.\u00a0 Se trata de un \u00e1rea dentro de la cosm\u00e9tica que selecciona los ingredientes de [&hellip;]\" \/>\n<meta property=\"og:url\" content=\"https:\/\/www.todoenbelleza.es\/en\/cosmetica-biotecnologica\/\" \/>\n<meta property=\"og:site_name\" content=\"Todo en Belleza con Cuca Miquel\" \/>\n<meta property=\"article:publisher\" content=\"https:\/\/www.facebook.com\/www.todoenbelleza.es\/\" \/>\n<meta property=\"article:published_time\" content=\"2020-01-22T09:24:46+00:00\" \/>\n<meta property=\"article:modified_time\" content=\"2023-08-08T09:17:25+00:00\" \/>\n<meta property=\"og:image\" content=\"https:\/\/www.todoenbelleza.es\/wp-content\/uploads\/2017\/01\/Dollarphotoclub_87667475.jpg\" \/>\n\t<meta property=\"og:image:width\" content=\"1440\" \/>\n\t<meta property=\"og:image:height\" content=\"868\" \/>\n\t<meta property=\"og:image:type\" content=\"image\/jpeg\" \/>\n<meta name=\"author\" content=\"Cuca Miquel\" \/>\n<meta name=\"twitter:card\" content=\"summary_large_image\" \/>\n<meta name=\"twitter:creator\" content=\"@todoenbelleza1\" \/>\n<meta name=\"twitter:site\" content=\"@todoenbelleza1\" \/>\n<meta name=\"twitter:label1\" content=\"Written by\" \/>\n\t<meta name=\"twitter:data1\" content=\"Cuca Miquel\" \/>\n\t<meta name=\"twitter:label2\" content=\"Estimated reading time\" \/>\n\t<meta name=\"twitter:data2\" content=\"2 minutes\" \/>\n<!-- \/ Yoast SEO plugin. -->","yoast_head_json":{"title":"Cosm\u00e9tica Biotecnol\u00f3gica","robots":{"index":"index","follow":"follow","max-snippet":"max-snippet:-1","max-image-preview":"max-image-preview:large","max-video-preview":"max-video-preview:-1"},"canonical":"https:\/\/www.todoenbelleza.es\/en\/cosmetica-biotecnologica\/","og_locale":"en_GB","og_type":"article","og_title":"Cosm\u00e9tica Biotecnol\u00f3gica","og_description":"Hablemos de cosm\u00e9tica biotecnol\u00f3gica, \u00bfsabes lo que es? Quiz\u00e1s sea la primera vez que escuchas hablar de la cosm\u00e9tica biotecnol\u00f3gica. Guarda muy bien este nombre en tu cabeza porque no sabes hasta qu\u00e9 punto puede llegar a ser importante para ti.\u00a0 Se trata de un \u00e1rea dentro de la cosm\u00e9tica que selecciona los ingredientes de [&hellip;]","og_url":"https:\/\/www.todoenbelleza.es\/en\/cosmetica-biotecnologica\/","og_site_name":"Todo en Belleza con Cuca Miquel","article_publisher":"https:\/\/www.facebook.com\/www.todoenbelleza.es\/","article_published_time":"2020-01-22T09:24:46+00:00","article_modified_time":"2023-08-08T09:17:25+00:00","og_image":[{"width":1440,"height":868,"url":"https:\/\/www.todoenbelleza.es\/wp-content\/uploads\/2017\/01\/Dollarphotoclub_87667475.jpg","type":"image\/jpeg"}],"author":"Cuca Miquel","twitter_card":"summary_large_image","twitter_creator":"@todoenbelleza1","twitter_site":"@todoenbelleza1","twitter_misc":{"Written by":"Cuca Miquel","Estimated reading time":"2 minutes"},"schema":{"@context":"https:\/\/schema.org","@graph":[{"@type":"Article","@id":"https:\/\/www.todoenbelleza.es\/cosmetica-biotecnologica\/#article","isPartOf":{"@id":"https:\/\/www.todoenbelleza.es\/cosmetica-biotecnologica\/"},"author":{"name":"Cuca Miquel","@id":"https:\/\/www.todoenbelleza.es\/#\/schema\/person\/fae9b2b97a472cb884ad9155d65b8465"},"headline":"Cosm\u00e9tica Biotecnol\u00f3gica","datePublished":"2020-01-22T09:24:46+00:00","dateModified":"2023-08-08T09:17:25+00:00","mainEntityOfPage":{"@id":"https:\/\/www.todoenbelleza.es\/cosmetica-biotecnologica\/"},"wordCount":338,"commentCount":0,"publisher":{"@id":"https:\/\/www.todoenbelleza.es\/#organization"},"keywords":["#biotecnologia","#cosmetica","#cosmeticaEficaz","#cremas","#diagnosticoDePiel","#diagnosticoFacial","#diagnosticoOnline","arrugas","tipo de piel"],"articleSection":["Est\u00e9tica Facial"],"inLanguage":"en-GB","potentialAction":[{"@type":"CommentAction","name":"Comment","target":["https:\/\/www.todoenbelleza.es\/cosmetica-biotecnologica\/#respond"]}]},{"@type":"WebPage","@id":"https:\/\/www.todoenbelleza.es\/cosmetica-biotecnologica\/","url":"https:\/\/www.todoenbelleza.es\/cosmetica-biotecnologica\/","name":"Cosm\u00e9tica Biotecnol\u00f3gica","isPartOf":{"@id":"https:\/\/www.todoenbelleza.es\/#website"},"datePublished":"2020-01-22T09:24:46+00:00","dateModified":"2023-08-08T09:17:25+00:00","breadcrumb":{"@id":"https:\/\/www.todoenbelleza.es\/cosmetica-biotecnologica\/#breadcrumb"},"inLanguage":"en-GB","potentialAction":[{"@type":"ReadAction","target":["https:\/\/www.todoenbelleza.es\/cosmetica-biotecnologica\/"]}]},{"@type":"BreadcrumbList","@id":"https:\/\/www.todoenbelleza.es\/cosmetica-biotecnologica\/#breadcrumb","itemListElement":[{"@type":"ListItem","position":1,"name":"Portada","item":"https:\/\/www.todoenbelleza.es\/"},{"@type":"ListItem","position":2,"name":"Cosm\u00e9tica Biotecnol\u00f3gica"}]},{"@type":"WebSite","@id":"https:\/\/www.todoenbelleza.es\/#website","url":"https:\/\/www.todoenbelleza.es\/","name":"Todo en Belleza con Cuca Miquel","description":"Centro de belleza y medicina est\u00e9tica en Madrid","publisher":{"@id":"https:\/\/www.todoenbelleza.es\/#organization"},"potentialAction":[{"@type":"SearchAction","target":{"@type":"EntryPoint","urlTemplate":"https:\/\/www.todoenbelleza.es\/?s={search_term_string}"},"query-input":"required name=search_term_string"}],"inLanguage":"en-GB"},{"@type":"Organization","@id":"https:\/\/www.todoenbelleza.es\/#organization","name":"Todo en Belleza con Cuca Miquel","url":"https:\/\/www.todoenbelleza.es\/","logo":{"@type":"ImageObject","inLanguage":"en-GB","@id":"https:\/\/www.todoenbelleza.es\/#\/schema\/logo\/image\/","url":"https:\/\/www.todoenbelleza.es\/wp-content\/uploads\/2023\/02\/logocabecera.png","contentUrl":"https:\/\/www.todoenbelleza.es\/wp-content\/uploads\/2023\/02\/logocabecera.png","width":311,"height":60,"caption":"Todo en Belleza con Cuca Miquel"},"image":{"@id":"https:\/\/www.todoenbelleza.es\/#\/schema\/logo\/image\/"},"sameAs":["https:\/\/www.facebook.com\/www.todoenbelleza.es\/","https:\/\/twitter.com\/todoenbelleza1","https:\/\/www.instagram.com\/todo.en.belleza_cucamiquel\/"]},{"@type":"Person","@id":"https:\/\/www.todoenbelleza.es\/#\/schema\/person\/fae9b2b97a472cb884ad9155d65b8465","name":"Cuca Miquel","image":{"@type":"ImageObject","inLanguage":"en-GB","@id":"https:\/\/www.todoenbelleza.es\/#\/schema\/person\/image\/","url":"https:\/\/www.todoenbelleza.es\/wp-content\/uploads\/2023\/02\/cuca_cremas_2.jpg","contentUrl":"https:\/\/www.todoenbelleza.es\/wp-content\/uploads\/2023\/02\/cuca_cremas_2.jpg","caption":"Cuca Miquel"},"description":"Master en Formulaci\u00f3n Cosm\u00e9tica, Experta Universitaria en Cosm\u00e9tica y Dermofarmacia, Experta Universitaria en Microbiota de la Piel, Master en Imagen Personal, Master ADE, Licenciada en Derecho. Especialista en acn\u00e9, ros\u00e1cea y envejecimiento."}]}},"_links":{"self":[{"href":"https:\/\/www.todoenbelleza.es\/en\/wp-json\/wp\/v2\/posts\/12739"}],"collection":[{"href":"https:\/\/www.todoenbelleza.es\/en\/wp-json\/wp\/v2\/posts"}],"about":[{"href":"https:\/\/www.todoenbelleza.es\/en\/wp-json\/wp\/v2\/types\/post"}],"author":[{"embeddable":true,"href":"https:\/\/www.todoenbelleza.es\/en\/wp-json\/wp\/v2\/users\/3"}],"replies":[{"embeddable":true,"href":"https:\/\/www.todoenbelleza.es\/en\/wp-json\/wp\/v2\/comments?post=12739"}],"version-history":[{"count":0,"href":"https:\/\/www.todoenbelleza.es\/en\/wp-json\/wp\/v2\/posts\/12739\/revisions"}],"wp:featuredmedia":[{"embeddable":true,"href":"https:\/\/www.todoenbelleza.es\/en\/wp-json\/wp\/v2\/media\/11954"}],"wp:attachment":[{"href":"https:\/\/www.todoenbelleza.es\/en\/wp-json\/wp\/v2\/media?parent=12739"}],"wp:term":[{"taxonomy":"category","embeddable":true,"href":"https:\/\/www.todoenbelleza.es\/en\/wp-json\/wp\/v2\/categories?post=12739"},{"taxonomy":"post_tag","embeddable":true,"href":"https:\/\/www.todoenbelleza.es\/en\/wp-json\/wp\/v2\/tags?post=12739"}],"curies":[{"name":"wp","href":"https:\/\/api.w.org\/{rel}","templated":true}]}}