{"id":12387,"date":"2018-01-28T17:41:44","date_gmt":"2018-01-28T17:41:44","guid":{"rendered":"http:\/\/www.todoenbelleza.es\/?p=12387"},"modified":"2023-08-08T09:18:09","modified_gmt":"2023-08-08T09:18:09","slug":"retrasa-el-envejecimiento-con-la-exfoliacion","status":"publish","type":"post","link":"https:\/\/www.todoenbelleza.es\/en\/retrasa-el-envejecimiento-con-la-exfoliacion\/","title":{"rendered":"Retrasa el envejecimiento con la exfoliaci\u00f3n"},"content":{"rendered":"<p>Empezamos el proceso de envejecimiento alrededor de lo treinta a\u00f1os, en ese momento se produce un cambio en el comportamiento de los corneocitos, que son las c\u00e9lulas que forman la capa m\u00e1s superficial de la epidermis, que comienzan a adherirse unos a otros impidiendo su desprendimiento.<\/p>\n<p>Este aumento de la adhesi\u00f3n origina que la capa c\u00f3rnea aumenta de grosor, nuestra piel, que hasta entonces aparec\u00eda como luminosa y transl\u00facida, empieza a adquirir un tono macilento, opaco, perdiendo su brillo caracter\u00edstico.<\/p>\n<p>Esto es lo que primero debemos solucionar para que el proceso de envejecimiento se detenga o por lo menos se ralentice.<\/p>\n<p>Este es el momento en que empiezan aparecer las primeras arrugas alrededor de los ojos y en la frente debido a que el m\u00fasculo frontal y el orbicular de los ojos han estado all\u00ed contray\u00e9ndose desde el nacimiento, pero la fina piel que lo recubre estaba bien hidratada, por lo que no se plegaba en cada contracci\u00f3n muscular, pero si se engrosa y se deshidrata, el resultado ser\u00e1 una piel arrugada, ya que ha perdido la elasticidad.<\/p>\n<p>\u00bfQu\u00e9 se debe hacer en estos momentos?<\/p>\n<p>Aqu\u00ed viene la soluci\u00f3n m\u00e1s sencilla, \u00fatil y lo mejor que est\u00e1 al alcance de casi cualquier bolsillo, y son: las exfoliaciones.<\/p>\n<p>La t\u00e9cnica de exfoliaci\u00f3n que puede ir desde una aplicaci\u00f3n de las cremas de retinol o \u00e1cidos frutales como la papaya o un arrastre con micropart\u00edculas de perla hacen que el corneocito se desprenda y deje que el organismo trabaje aportando ox\u00edgeno y nutrientes a las c\u00e9lulas de la piel.<\/p>\n<p>\u00bfQu\u00e9 ocurre en nuestra piel si no exfoliamos?<\/p>\n<p>La \u00faltima capa de la epidermis justa la que est\u00e1 en contacto con la dermis, es decir, la uni\u00f3n dermo-epid\u00e9rmica, es la capa germinal formada por c\u00e9lulas madre que est\u00e1n permanentemente fabricando c\u00e9lulas hijas que ascienden luego a trav\u00e9s de la epidermis diferenci\u00e1ndose en las distintas c\u00e9lulas formadoras de esta capa (melanocitos, c\u00e9lulas defensivas, etc.) y son las que al final llegando a la capa c\u00f3rnea ya muerta se llenan de queratina y se desprenden. Sin embargo, cuando ocurre el aumento de la adhesi\u00f3n antes descrito, las c\u00e9lulas madres, empiezan a disminuir la producci\u00f3n celular, puesto que la capa c\u00f3rnea est\u00e1 ocupada por las c\u00e9lulas muertas no desprendidas.<\/p>\n<p>La Dermis, que es la capa siguiente a la Epidermis, est\u00e1 formada por grandes arcadas que alojan vasos sangu\u00edneos, los cuales aportan a esta capa de una gran cantidad de agua y dentro de esta agua est\u00e1n sumergidas las fibras de col\u00e1geno y elastina. El agua no se encuentra libre en la dermis, como si se tratara de un lago o piscina, \u00a0\u00a0sino que est\u00e1 contenida entre las cadenas del \u00e1cido hialur\u00f3nico.<\/p>\n<p>Cuando los corneocitos empiezan a no desprenderse y las c\u00e9lulas madres disminuyen la producci\u00f3n celular, los vasos sangu\u00edneos que est\u00e1n all\u00ed para dar nutrici\u00f3n a las c\u00e9lulas madres en su trabajo de fabricaci\u00f3n de c\u00e9lulas hijas, disminuyen su calibre porque consideran que ya no es necesaria su presencia en esas zonas y se van a otras zonas que consideran m\u00e1s importantes. Por supuesto que esta disminuci\u00f3n de vasos sangu\u00edneos ocasionan una disminuci\u00f3n de la hidrataci\u00f3n de la zona, ya que el agua procede del plasma que atraviesa las paredes de dichos vasos y se deposita al interior de los tejidos.<\/p>\n<p>No solo disminuye la hidrataci\u00f3n de la Dermis al disminuir el calibre vascular, sino que las fibras de col\u00e1geno y elastina tambi\u00e9n se ven afectadas<\/p>\n<p>Es precisamente en estas etapas destructivas cuando aparecen los primeros signos de flacidez, alrededor de los cuarenta a\u00f1os.<\/p>\n<p>Debajo de la Dermis se encuentra el tejido graso, no de forma libre, sino que se encuentra en compartimentos estancos de fibroblastos, estas bandas fibr\u00f3ticas, alrededor de los cuarenta y cinco o cincuenta a\u00f1os, pierden fuerza y empiezan a descender debido a la acci\u00f3n de la gravedad arrastrando dentro de ellas al tejido graso que pasa a ocupar zonas bajas cercanas al \u00f3valo facial. Es en esos momentos cuando los rostros, que en la juventud ten\u00edan un aspecto de tri\u00e1ngulo con v\u00e9rtice en el ment\u00f3n, comienzan a mostrarse como un rect\u00e1ngulo y m\u00e1s tarde dar\u00e1n la forma caracter\u00edstica de las personas ancianas en donde el tri\u00e1ngulo est\u00e1 invertido teniendo el v\u00e9rtice en la ra\u00edz nasal<\/p>\n<p>Se va perdiendo la forma del \u00f3valo, el cuello y la cara forman una l\u00ednea continua, ya no importan tanto las arrugas como la enorme modificaci\u00f3n del rostro.<\/p>\n<p>Los p\u00e1rpados est\u00e1n ca\u00eddos, el canto externo del ojo est\u00e1 descendido, se ha perdido la imagen bella de los ojos almendrados, la pintura de los p\u00e1rpados se corre al momento de aplicarla. Los ojos muestran aspecto de tristeza.<\/p>\n<p>Por lo que llegamos a la conclusi\u00f3n de que si exfoliamos la piel debidamente conforme vamos cumpliendo a\u00f1os, enga\u00f1amos al organismo y evitamos este que optimice sus recursos y esos efectos en cadena que hemos descrito se van evitando o por lo menos se ralentiza el proceso manteniendo juventud, salud y tersura m\u00e1s tiempo.<\/p>","protected":false},"excerpt":{"rendered":"<p>Empezamos el proceso de envejecimiento alrededor de lo treinta a\u00f1os, en ese momento se produce un cambio en el comportamiento de los corneocitos, que son las c\u00e9lulas que forman la capa m\u00e1s superficial de la epidermis, que comienzan a adherirse unos a otros impidiendo su desprendimiento. Este aumento de la adhesi\u00f3n origina que la capa [&hellip;]<\/p>","protected":false},"author":1,"featured_media":12389,"comment_status":"open","ping_status":"closed","sticky":false,"template":"","format":"standard","meta":{"_et_pb_use_builder":"","_et_pb_old_content":"","_et_gb_content_width":"","_joinchat":[]},"categories":[146],"tags":[398,270,483,436,635,725],"yoast_head":"<!-- This site is optimized with the Yoast SEO plugin v20.10 - https:\/\/yoast.com\/wordpress\/plugins\/seo\/ -->\n<title>Retrasa el envejecimiento con la exfoliaci\u00f3n<\/title>\n<meta name=\"description\" content=\"Las exfoliaciones son la soluci\u00f3n m\u00e1s sencilla, \u00fatil y al alcance de casi cualquier bolsillo para retrasar el envejecimiento.\" \/>\n<meta name=\"robots\" content=\"index, follow, max-snippet:-1, max-image-preview:large, max-video-preview:-1\" \/>\n<link rel=\"canonical\" href=\"https:\/\/www.todoenbelleza.es\/en\/retrasa-el-envejecimiento-con-la-exfoliacion\/\" \/>\n<meta property=\"og:locale\" content=\"en_GB\" \/>\n<meta property=\"og:type\" content=\"article\" \/>\n<meta property=\"og:title\" content=\"Retrasa el envejecimiento con la exfoliaci\u00f3n\" \/>\n<meta property=\"og:description\" content=\"Las exfoliaciones son la soluci\u00f3n m\u00e1s sencilla, \u00fatil y al alcance de casi cualquier bolsillo para retrasar el envejecimiento.\" \/>\n<meta property=\"og:url\" content=\"https:\/\/www.todoenbelleza.es\/en\/retrasa-el-envejecimiento-con-la-exfoliacion\/\" \/>\n<meta property=\"og:site_name\" content=\"Todo en Belleza con Cuca Miquel\" \/>\n<meta property=\"article:publisher\" content=\"https:\/\/www.facebook.com\/www.todoenbelleza.es\/\" \/>\n<meta property=\"article:published_time\" content=\"2018-01-28T17:41:44+00:00\" \/>\n<meta property=\"article:modified_time\" content=\"2023-08-08T09:18:09+00:00\" \/>\n<meta property=\"og:image\" content=\"https:\/\/www.todoenbelleza.es\/wp-content\/uploads\/2018\/01\/img-20180128-wa0003-e1618003845444.jpg\" \/>\n\t<meta property=\"og:image:width\" content=\"932\" \/>\n\t<meta property=\"og:image:height\" content=\"1272\" \/>\n\t<meta property=\"og:image:type\" content=\"image\/jpeg\" \/>\n<meta name=\"author\" content=\"Todo en Belleza\" \/>\n<meta name=\"twitter:card\" content=\"summary_large_image\" \/>\n<meta name=\"twitter:creator\" content=\"@todoenbelleza1\" \/>\n<meta name=\"twitter:site\" content=\"@todoenbelleza1\" \/>\n<meta name=\"twitter:label1\" content=\"Written by\" \/>\n\t<meta name=\"twitter:data1\" content=\"Todo en Belleza\" \/>\n\t<meta name=\"twitter:label2\" content=\"Estimated reading time\" \/>\n\t<meta name=\"twitter:data2\" content=\"4 minutes\" \/>\n<!-- \/ Yoast SEO plugin. -->","yoast_head_json":{"title":"Retrasa el envejecimiento con la exfoliaci\u00f3n","description":"Las exfoliaciones son la soluci\u00f3n m\u00e1s sencilla, \u00fatil y al alcance de casi cualquier bolsillo para retrasar el envejecimiento.","robots":{"index":"index","follow":"follow","max-snippet":"max-snippet:-1","max-image-preview":"max-image-preview:large","max-video-preview":"max-video-preview:-1"},"canonical":"https:\/\/www.todoenbelleza.es\/en\/retrasa-el-envejecimiento-con-la-exfoliacion\/","og_locale":"en_GB","og_type":"article","og_title":"Retrasa el envejecimiento con la exfoliaci\u00f3n","og_description":"Las exfoliaciones son la soluci\u00f3n m\u00e1s sencilla, \u00fatil y al alcance de casi cualquier bolsillo para retrasar el envejecimiento.","og_url":"https:\/\/www.todoenbelleza.es\/en\/retrasa-el-envejecimiento-con-la-exfoliacion\/","og_site_name":"Todo en Belleza con Cuca Miquel","article_publisher":"https:\/\/www.facebook.com\/www.todoenbelleza.es\/","article_published_time":"2018-01-28T17:41:44+00:00","article_modified_time":"2023-08-08T09:18:09+00:00","og_image":[{"width":932,"height":1272,"url":"https:\/\/www.todoenbelleza.es\/wp-content\/uploads\/2018\/01\/img-20180128-wa0003-e1618003845444.jpg","type":"image\/jpeg"}],"author":"Todo en Belleza","twitter_card":"summary_large_image","twitter_creator":"@todoenbelleza1","twitter_site":"@todoenbelleza1","twitter_misc":{"Written by":"Todo en Belleza","Estimated reading time":"4 minutes"},"schema":{"@context":"https:\/\/schema.org","@graph":[{"@type":"Article","@id":"https:\/\/www.todoenbelleza.es\/retrasa-el-envejecimiento-con-la-exfoliacion\/#article","isPartOf":{"@id":"https:\/\/www.todoenbelleza.es\/retrasa-el-envejecimiento-con-la-exfoliacion\/"},"author":{"name":"Todo en Belleza","@id":"https:\/\/www.todoenbelleza.es\/#\/schema\/person\/d076b133fc382646eeef3e15e4e5ed6e"},"headline":"Retrasa el envejecimiento con la exfoliaci\u00f3n","datePublished":"2018-01-28T17:41:44+00:00","dateModified":"2023-08-08T09:18:09+00:00","mainEntityOfPage":{"@id":"https:\/\/www.todoenbelleza.es\/retrasa-el-envejecimiento-con-la-exfoliacion\/"},"wordCount":909,"commentCount":0,"publisher":{"@id":"https:\/\/www.todoenbelleza.es\/#organization"},"keywords":["#envejecimiento","#exfoliacionFacial","#pielFlacida","#tratamientosExfoliantes","#tratamientosFacialesEnMadrid","arrugas"],"articleSection":["Est\u00e9tica Facial"],"inLanguage":"en-GB","potentialAction":[{"@type":"CommentAction","name":"Comment","target":["https:\/\/www.todoenbelleza.es\/retrasa-el-envejecimiento-con-la-exfoliacion\/#respond"]}]},{"@type":"WebPage","@id":"https:\/\/www.todoenbelleza.es\/retrasa-el-envejecimiento-con-la-exfoliacion\/","url":"https:\/\/www.todoenbelleza.es\/retrasa-el-envejecimiento-con-la-exfoliacion\/","name":"Retrasa el envejecimiento con la exfoliaci\u00f3n","isPartOf":{"@id":"https:\/\/www.todoenbelleza.es\/#website"},"datePublished":"2018-01-28T17:41:44+00:00","dateModified":"2023-08-08T09:18:09+00:00","description":"Las exfoliaciones son la soluci\u00f3n m\u00e1s sencilla, \u00fatil y al alcance de casi cualquier bolsillo para retrasar el envejecimiento.","breadcrumb":{"@id":"https:\/\/www.todoenbelleza.es\/retrasa-el-envejecimiento-con-la-exfoliacion\/#breadcrumb"},"inLanguage":"en-GB","potentialAction":[{"@type":"ReadAction","target":["https:\/\/www.todoenbelleza.es\/retrasa-el-envejecimiento-con-la-exfoliacion\/"]}]},{"@type":"BreadcrumbList","@id":"https:\/\/www.todoenbelleza.es\/retrasa-el-envejecimiento-con-la-exfoliacion\/#breadcrumb","itemListElement":[{"@type":"ListItem","position":1,"name":"Portada","item":"https:\/\/www.todoenbelleza.es\/"},{"@type":"ListItem","position":2,"name":"Retrasa el envejecimiento con la exfoliaci\u00f3n"}]},{"@type":"WebSite","@id":"https:\/\/www.todoenbelleza.es\/#website","url":"https:\/\/www.todoenbelleza.es\/","name":"Todo en Belleza con Cuca Miquel","description":"Centro de belleza y medicina est\u00e9tica en Madrid","publisher":{"@id":"https:\/\/www.todoenbelleza.es\/#organization"},"potentialAction":[{"@type":"SearchAction","target":{"@type":"EntryPoint","urlTemplate":"https:\/\/www.todoenbelleza.es\/?s={search_term_string}"},"query-input":"required name=search_term_string"}],"inLanguage":"en-GB"},{"@type":"Organization","@id":"https:\/\/www.todoenbelleza.es\/#organization","name":"Todo en Belleza con Cuca Miquel","url":"https:\/\/www.todoenbelleza.es\/","logo":{"@type":"ImageObject","inLanguage":"en-GB","@id":"https:\/\/www.todoenbelleza.es\/#\/schema\/logo\/image\/","url":"https:\/\/www.todoenbelleza.es\/wp-content\/uploads\/2023\/02\/logocabecera.png","contentUrl":"https:\/\/www.todoenbelleza.es\/wp-content\/uploads\/2023\/02\/logocabecera.png","width":311,"height":60,"caption":"Todo en Belleza con Cuca Miquel"},"image":{"@id":"https:\/\/www.todoenbelleza.es\/#\/schema\/logo\/image\/"},"sameAs":["https:\/\/www.facebook.com\/www.todoenbelleza.es\/","https:\/\/twitter.com\/todoenbelleza1","https:\/\/www.instagram.com\/todo.en.belleza_cucamiquel\/"]},{"@type":"Person","@id":"https:\/\/www.todoenbelleza.es\/#\/schema\/person\/d076b133fc382646eeef3e15e4e5ed6e","name":"Todo en Belleza","image":{"@type":"ImageObject","inLanguage":"en-GB","@id":"https:\/\/www.todoenbelleza.es\/#\/schema\/person\/image\/","url":"https:\/\/www.todoenbelleza.es\/wp-content\/uploads\/2022\/05\/cropped-icono.png","contentUrl":"https:\/\/www.todoenbelleza.es\/wp-content\/uploads\/2022\/05\/cropped-icono.png","caption":"Todo en Belleza"},"description":"Sabemos mucho de belleza. Pero en lo que somos expertos, es en ti. Nos avalan m\u00e1s de 20 a\u00f1os de experiencia a tu servicio ofreci\u00e9ndote las t\u00e9cnicas m\u00e1s avanzadas y el trato m\u00e1s exquisito."}]}},"_links":{"self":[{"href":"https:\/\/www.todoenbelleza.es\/en\/wp-json\/wp\/v2\/posts\/12387"}],"collection":[{"href":"https:\/\/www.todoenbelleza.es\/en\/wp-json\/wp\/v2\/posts"}],"about":[{"href":"https:\/\/www.todoenbelleza.es\/en\/wp-json\/wp\/v2\/types\/post"}],"author":[{"embeddable":true,"href":"https:\/\/www.todoenbelleza.es\/en\/wp-json\/wp\/v2\/users\/1"}],"replies":[{"embeddable":true,"href":"https:\/\/www.todoenbelleza.es\/en\/wp-json\/wp\/v2\/comments?post=12387"}],"version-history":[{"count":0,"href":"https:\/\/www.todoenbelleza.es\/en\/wp-json\/wp\/v2\/posts\/12387\/revisions"}],"wp:featuredmedia":[{"embeddable":true,"href":"https:\/\/www.todoenbelleza.es\/en\/wp-json\/wp\/v2\/media\/12389"}],"wp:attachment":[{"href":"https:\/\/www.todoenbelleza.es\/en\/wp-json\/wp\/v2\/media?parent=12387"}],"wp:term":[{"taxonomy":"category","embeddable":true,"href":"https:\/\/www.todoenbelleza.es\/en\/wp-json\/wp\/v2\/categories?post=12387"},{"taxonomy":"post_tag","embeddable":true,"href":"https:\/\/www.todoenbelleza.es\/en\/wp-json\/wp\/v2\/tags?post=12387"}],"curies":[{"name":"wp","href":"https:\/\/api.w.org\/{rel}","templated":true}]}}