{"id":11184,"date":"2016-11-06T13:38:08","date_gmt":"2016-11-06T13:38:08","guid":{"rendered":"http:\/\/www.todoenbelleza.es\/?p=9838"},"modified":"2023-08-08T11:23:30","modified_gmt":"2023-08-08T11:23:30","slug":"velashape-iii-tratamiento-revolucionario","status":"publish","type":"post","link":"https:\/\/www.todoenbelleza.es\/en\/velashape-iii-tratamiento-revolucionario\/","title":{"rendered":"VelaShape III, Un Tratamiento Revolucionario"},"content":{"rendered":"<p style=\"text-align: justify;\">Hace unas semanas tuve el honor de ser invitada como Ponente a una Master Class de parte de una de las empresas del sector de la medicina est\u00e9tica, para hablar sobre VelaShape III.<\/p>\n<p style=\"text-align: justify;\">Se trata de la marca de Syneron Candela, ellos son vanguardistas en el uso de la tecnolog\u00eda de Radiofrecuencia mas vacumterapia e infrarrojos del mercado, fueron unos aut\u00e9nticos pioneros.<\/p>\n<p style=\"text-align: justify;\">Se pueden tratar distintas patolog\u00edas, desde la temida celulitis tanto la edematosa como la fibrosa as\u00ed como las adiposidades localizadas y la flacidez.<\/p>\n<p style=\"text-align: justify;\">Pudiendo tratarse zonas tan delicadas como los brazos, la l\u00ednea del sujetador, cartucheras, cara interna \u00a0de los muslos entre otras zonas.<\/p>\n<p><img decoding=\"async\" loading=\"lazy\" class=\"alignnone size-medium wp-image-10902 aligncenter\" src=\"https:\/\/www.todoenbelleza.es\/wp-content\/uploads\/2016\/11\/IMG_20161008_161028-1-300x157.jpg\" alt=\"VelaShape III, Un Tratamiento Revolucionario\" width=\"300\" height=\"157\" srcset=\"https:\/\/www.todoenbelleza.es\/wp-content\/uploads\/2016\/11\/IMG_20161008_161028-1-300x157.jpg 300w, https:\/\/www.todoenbelleza.es\/wp-content\/uploads\/2016\/11\/IMG_20161008_161028-1-200x105.jpg 200w, https:\/\/www.todoenbelleza.es\/wp-content\/uploads\/2016\/11\/IMG_20161008_161028-1-400x209.jpg 400w, https:\/\/www.todoenbelleza.es\/wp-content\/uploads\/2016\/11\/IMG_20161008_161028-1-350x183.jpg 350w, https:\/\/www.todoenbelleza.es\/wp-content\/uploads\/2016\/11\/IMG_20161008_161028-1.jpg 472w\" sizes=\"(max-width: 300px) 100vw, 300px\" \/><\/p>\n<p style=\"text-align: justify;\">Estaba nerviosa, era mi primera ponencia, me hab\u00edan elegido por la dilatada experiencia en el uso de la tecnolog\u00eda VelaShape III y ten\u00eda que abordar el tema de como tratamos en nuestro centro esas zonas conflictivas.<\/p>\n<p style=\"text-align: justify;\">Mi p\u00fablico eran m\u00e9dicos est\u00e9ticos de toda Espa\u00f1a, era un p\u00fablico muy cualificado y yo no quer\u00eda defraudarles.<\/p>\n<p style=\"text-align: justify;\">As\u00ed que me prepare la ponencia, busque fotos autorizadas, escrib\u00ed, cante y recite y cuando llegue all\u00ed, hice una conferencia distinta a lo que yo hab\u00eda preparado.<\/p>\n<h2 style=\"text-align: justify;\">Mi premisa es la b\u00fasqueda de la belleza en su totalidad<\/h2>\n<p style=\"text-align: justify;\">Cuando me sent\u00e9 en la mesa mirando cara a cara a todos los asistentes, expuse lo que sent\u00eda, de forma sincera.<\/p>\n<p style=\"text-align: justify;\">Mi premisa es la b\u00fasqueda de la belleza en su totalidad, belleza arm\u00f3nica, de mi madre aprend\u00ed a ver a todas las personas hermosas en su globalidad y no fijarme en peque\u00f1os detalles que podamos tener m\u00e1s o menos feos.<\/p>\n<p style=\"text-align: justify;\">Tambi\u00e9n habl\u00e9 de que el \u00e9xito que buscamos es y ser\u00e1 siempre el satisfacci\u00f3n de nuestros pacientes\/clientes.<\/p>\n<p style=\"text-align: justify;\">La foto que puse en cabecera fue la foto con la que abr\u00ed la ponencia, esa foto me daba la seguridad que se tiene por un trabajo bien realizado, bien ejecutado y solo en <strong>Una Sesi\u00f3n<\/strong>.<\/p>\n<p style=\"text-align: justify;\">A partir de ah\u00ed la ponencia fue solo coser y cantar.<\/p>\n<p style=\"text-align: justify;\">Ahora os digo, si busc\u00e1is un tratamiento que reduzca volumen, alise la piel y sea de r\u00e1pidos resultados. No lo dud\u00e9is y buscad VelaShape III<\/p>\n<p style=\"text-align: justify;\">Estamos en Nu\u00f1ez de Balboa 107, Despacho 103 y 104.<\/p>\n<p style=\"text-align: justify;\">Telef 91 883 44 15.<\/p>\n<p style=\"text-align: justify;\">Solo en el mes de Noviembre os encontrareis con un descuento.<\/p>","protected":false},"excerpt":{"rendered":"<p>Hace unas semanas tuve el honor de ser invitada como Ponente a una Master Class de parte de una de las empresas del sector de la medicina est\u00e9tica, para hablar sobre VelaShape III. Se trata de la marca de Syneron Candela, ellos son vanguardistas en el uso de la tecnolog\u00eda de Radiofrecuencia mas vacumterapia e [&hellip;]<\/p>","protected":false},"author":3,"featured_media":10902,"comment_status":"open","ping_status":"closed","sticky":false,"template":"","format":"standard","meta":{"_et_pb_use_builder":"","_et_pb_old_content":"","_et_gb_content_width":"","_joinchat":[]},"categories":[285],"tags":[265,156,194,272,641],"yoast_head":"<!-- This site is optimized with the Yoast SEO plugin v20.10 - https:\/\/yoast.com\/wordpress\/plugins\/seo\/ -->\n<title>VelaShape III, Un Tratamiento Revolucionario<\/title>\n<meta name=\"description\" content=\"Estaba nerviosa, era mi primera ponencia, elegida por la experiencia en el uso de VelaShape III para abordar el tema de como tratar zonas conflictivas.\" \/>\n<meta name=\"robots\" content=\"index, follow, max-snippet:-1, max-image-preview:large, max-video-preview:-1\" \/>\n<link rel=\"canonical\" href=\"https:\/\/www.todoenbelleza.es\/en\/velashape-iii-tratamiento-revolucionario\/\" \/>\n<meta property=\"og:locale\" content=\"en_GB\" \/>\n<meta property=\"og:type\" content=\"article\" \/>\n<meta property=\"og:title\" content=\"VelaShape III, Un Tratamiento Revolucionario\" \/>\n<meta property=\"og:description\" content=\"Estaba nerviosa, era mi primera ponencia, elegida por la experiencia en el uso de VelaShape III para abordar el tema de como tratar zonas conflictivas.\" \/>\n<meta property=\"og:url\" content=\"https:\/\/www.todoenbelleza.es\/en\/velashape-iii-tratamiento-revolucionario\/\" \/>\n<meta property=\"og:site_name\" content=\"Todo en Belleza con Cuca Miquel\" \/>\n<meta property=\"article:publisher\" content=\"https:\/\/www.facebook.com\/www.todoenbelleza.es\/\" \/>\n<meta property=\"article:published_time\" content=\"2016-11-06T13:38:08+00:00\" \/>\n<meta property=\"article:modified_time\" content=\"2023-08-08T11:23:30+00:00\" \/>\n<meta property=\"og:image\" content=\"https:\/\/www.todoenbelleza.es\/wp-content\/uploads\/2016\/11\/IMG_20161008_161028-1.jpg\" \/>\n\t<meta property=\"og:image:width\" content=\"472\" \/>\n\t<meta property=\"og:image:height\" content=\"247\" \/>\n\t<meta property=\"og:image:type\" content=\"image\/jpeg\" \/>\n<meta name=\"author\" content=\"Cuca Miquel\" \/>\n<meta name=\"twitter:card\" content=\"summary_large_image\" \/>\n<meta name=\"twitter:creator\" content=\"@todoenbelleza1\" \/>\n<meta name=\"twitter:site\" content=\"@todoenbelleza1\" \/>\n<meta name=\"twitter:label1\" content=\"Written by\" \/>\n\t<meta name=\"twitter:data1\" content=\"Cuca Miquel\" \/>\n\t<meta name=\"twitter:label2\" content=\"Estimated reading time\" \/>\n\t<meta name=\"twitter:data2\" content=\"2 minutes\" \/>\n<!-- \/ Yoast SEO plugin. -->","yoast_head_json":{"title":"VelaShape III, Un Tratamiento Revolucionario","description":"Estaba nerviosa, era mi primera ponencia, elegida por la experiencia en el uso de VelaShape III para abordar el tema de como tratar zonas conflictivas.","robots":{"index":"index","follow":"follow","max-snippet":"max-snippet:-1","max-image-preview":"max-image-preview:large","max-video-preview":"max-video-preview:-1"},"canonical":"https:\/\/www.todoenbelleza.es\/en\/velashape-iii-tratamiento-revolucionario\/","og_locale":"en_GB","og_type":"article","og_title":"VelaShape III, Un Tratamiento Revolucionario","og_description":"Estaba nerviosa, era mi primera ponencia, elegida por la experiencia en el uso de VelaShape III para abordar el tema de como tratar zonas conflictivas.","og_url":"https:\/\/www.todoenbelleza.es\/en\/velashape-iii-tratamiento-revolucionario\/","og_site_name":"Todo en Belleza con Cuca Miquel","article_publisher":"https:\/\/www.facebook.com\/www.todoenbelleza.es\/","article_published_time":"2016-11-06T13:38:08+00:00","article_modified_time":"2023-08-08T11:23:30+00:00","og_image":[{"width":472,"height":247,"url":"https:\/\/www.todoenbelleza.es\/wp-content\/uploads\/2016\/11\/IMG_20161008_161028-1.jpg","type":"image\/jpeg"}],"author":"Cuca Miquel","twitter_card":"summary_large_image","twitter_creator":"@todoenbelleza1","twitter_site":"@todoenbelleza1","twitter_misc":{"Written by":"Cuca Miquel","Estimated reading time":"2 minutes"},"schema":{"@context":"https:\/\/schema.org","@graph":[{"@type":"Article","@id":"https:\/\/www.todoenbelleza.es\/velashape-iii-tratamiento-revolucionario\/#article","isPartOf":{"@id":"https:\/\/www.todoenbelleza.es\/velashape-iii-tratamiento-revolucionario\/"},"author":{"name":"Cuca Miquel","@id":"https:\/\/www.todoenbelleza.es\/#\/schema\/person\/fae9b2b97a472cb884ad9155d65b8465"},"headline":"VelaShape III, Un Tratamiento Revolucionario","datePublished":"2016-11-06T13:38:08+00:00","dateModified":"2023-08-08T11:23:30+00:00","mainEntityOfPage":{"@id":"https:\/\/www.todoenbelleza.es\/velashape-iii-tratamiento-revolucionario\/"},"wordCount":401,"commentCount":0,"publisher":{"@id":"https:\/\/www.todoenbelleza.es\/#organization"},"keywords":["#celulitis","#flaccidez","#flaccidezEnGluteos","#velaShapeIII","#velashapeIIIMadrid"],"articleSection":["Est\u00e9tica Corporal"],"inLanguage":"en-GB","potentialAction":[{"@type":"CommentAction","name":"Comment","target":["https:\/\/www.todoenbelleza.es\/velashape-iii-tratamiento-revolucionario\/#respond"]}]},{"@type":"WebPage","@id":"https:\/\/www.todoenbelleza.es\/velashape-iii-tratamiento-revolucionario\/","url":"https:\/\/www.todoenbelleza.es\/velashape-iii-tratamiento-revolucionario\/","name":"VelaShape III, Un Tratamiento Revolucionario","isPartOf":{"@id":"https:\/\/www.todoenbelleza.es\/#website"},"datePublished":"2016-11-06T13:38:08+00:00","dateModified":"2023-08-08T11:23:30+00:00","description":"Estaba nerviosa, era mi primera ponencia, elegida por la experiencia en el uso de VelaShape III para abordar el tema de como tratar zonas conflictivas.","breadcrumb":{"@id":"https:\/\/www.todoenbelleza.es\/velashape-iii-tratamiento-revolucionario\/#breadcrumb"},"inLanguage":"en-GB","potentialAction":[{"@type":"ReadAction","target":["https:\/\/www.todoenbelleza.es\/velashape-iii-tratamiento-revolucionario\/"]}]},{"@type":"BreadcrumbList","@id":"https:\/\/www.todoenbelleza.es\/velashape-iii-tratamiento-revolucionario\/#breadcrumb","itemListElement":[{"@type":"ListItem","position":1,"name":"Portada","item":"https:\/\/www.todoenbelleza.es\/"},{"@type":"ListItem","position":2,"name":"VelaShape III, Un Tratamiento Revolucionario"}]},{"@type":"WebSite","@id":"https:\/\/www.todoenbelleza.es\/#website","url":"https:\/\/www.todoenbelleza.es\/","name":"Todo en Belleza con Cuca Miquel","description":"Centro de belleza y medicina est\u00e9tica en Madrid","publisher":{"@id":"https:\/\/www.todoenbelleza.es\/#organization"},"potentialAction":[{"@type":"SearchAction","target":{"@type":"EntryPoint","urlTemplate":"https:\/\/www.todoenbelleza.es\/?s={search_term_string}"},"query-input":"required name=search_term_string"}],"inLanguage":"en-GB"},{"@type":"Organization","@id":"https:\/\/www.todoenbelleza.es\/#organization","name":"Todo en Belleza con Cuca Miquel","url":"https:\/\/www.todoenbelleza.es\/","logo":{"@type":"ImageObject","inLanguage":"en-GB","@id":"https:\/\/www.todoenbelleza.es\/#\/schema\/logo\/image\/","url":"https:\/\/www.todoenbelleza.es\/wp-content\/uploads\/2023\/02\/logocabecera.png","contentUrl":"https:\/\/www.todoenbelleza.es\/wp-content\/uploads\/2023\/02\/logocabecera.png","width":311,"height":60,"caption":"Todo en Belleza con Cuca Miquel"},"image":{"@id":"https:\/\/www.todoenbelleza.es\/#\/schema\/logo\/image\/"},"sameAs":["https:\/\/www.facebook.com\/www.todoenbelleza.es\/","https:\/\/twitter.com\/todoenbelleza1","https:\/\/www.instagram.com\/todo.en.belleza_cucamiquel\/"]},{"@type":"Person","@id":"https:\/\/www.todoenbelleza.es\/#\/schema\/person\/fae9b2b97a472cb884ad9155d65b8465","name":"Cuca Miquel","image":{"@type":"ImageObject","inLanguage":"en-GB","@id":"https:\/\/www.todoenbelleza.es\/#\/schema\/person\/image\/","url":"https:\/\/www.todoenbelleza.es\/wp-content\/uploads\/2023\/02\/cuca_cremas_2.jpg","contentUrl":"https:\/\/www.todoenbelleza.es\/wp-content\/uploads\/2023\/02\/cuca_cremas_2.jpg","caption":"Cuca Miquel"},"description":"Master en Formulaci\u00f3n Cosm\u00e9tica, Experta Universitaria en Cosm\u00e9tica y Dermofarmacia, Experta Universitaria en Microbiota de la Piel, Master en Imagen Personal, Master ADE, Licenciada en Derecho. Especialista en acn\u00e9, ros\u00e1cea y envejecimiento."}]}},"_links":{"self":[{"href":"https:\/\/www.todoenbelleza.es\/en\/wp-json\/wp\/v2\/posts\/11184"}],"collection":[{"href":"https:\/\/www.todoenbelleza.es\/en\/wp-json\/wp\/v2\/posts"}],"about":[{"href":"https:\/\/www.todoenbelleza.es\/en\/wp-json\/wp\/v2\/types\/post"}],"author":[{"embeddable":true,"href":"https:\/\/www.todoenbelleza.es\/en\/wp-json\/wp\/v2\/users\/3"}],"replies":[{"embeddable":true,"href":"https:\/\/www.todoenbelleza.es\/en\/wp-json\/wp\/v2\/comments?post=11184"}],"version-history":[{"count":0,"href":"https:\/\/www.todoenbelleza.es\/en\/wp-json\/wp\/v2\/posts\/11184\/revisions"}],"wp:featuredmedia":[{"embeddable":true,"href":"https:\/\/www.todoenbelleza.es\/en\/wp-json\/wp\/v2\/media\/10902"}],"wp:attachment":[{"href":"https:\/\/www.todoenbelleza.es\/en\/wp-json\/wp\/v2\/media?parent=11184"}],"wp:term":[{"taxonomy":"category","embeddable":true,"href":"https:\/\/www.todoenbelleza.es\/en\/wp-json\/wp\/v2\/categories?post=11184"},{"taxonomy":"post_tag","embeddable":true,"href":"https:\/\/www.todoenbelleza.es\/en\/wp-json\/wp\/v2\/tags?post=11184"}],"curies":[{"name":"wp","href":"https:\/\/api.w.org\/{rel}","templated":true}]}}